{"id":11609,"date":"2019-03-06T21:27:45","date_gmt":"2019-03-06T19:27:45","guid":{"rendered":"http:\/\/www.gs-atter.de.maschinenhalle.eu\/?p=11609"},"modified":"2019-03-06T21:27:45","modified_gmt":"2019-03-06T19:27:45","slug":"karneval-2019","status":"publish","type":"post","link":"http:\/\/www.gs-atter.de.maschinenhalle.eu\/?p=11609","title":{"rendered":"Karneval 2019"},"content":{"rendered":"<p>Osna Helau!<\/p>\n<p>Am 4.2.2019 feierten die Sch\u00fclerinnen und Sch\u00fcler der Grundschule Osnabr\u00fcck Karneval!<\/p>\n<p>Ob mit Stopptanz, Reise nach Jerusalem, Kost\u00fcmtausch oder Modenschau &#8211; die Kinder hatten jede Menge Spa\u00df. Jeder Jahrgang verbrachte zudem eine Schulstunde gemeinsam in der Turnhalle, um in Spielen wie H\u00fchnerball oder Brennball gegeneinander anzutreten.<\/p>\n<div id='gallery-1' class='gallery galleryid-11609 gallery-columns-3 gallery-size-medium'><figure class='gallery-item'>\n\t\t\t<div class='gallery-icon portrait'>\n\t\t\t\t<a href='http:\/\/www.gs-atter.de.maschinenhalle.eu\/wp-content\/uploads\/2019\/03\/e3469835-3476-4c49-9d3b-a0592727dd31.jpg'><img width=\"225\" height=\"300\" src=\"http:\/\/www.gs-atter.de.maschinenhalle.eu\/wp-content\/uploads\/2019\/03\/e3469835-3476-4c49-9d3b-a0592727dd31-225x300.jpg\" class=\"attachment-medium size-medium\" alt=\"\" loading=\"lazy\" srcset=\"http:\/\/www.gs-atter.de.maschinenhalle.eu\/wp-content\/uploads\/2019\/03\/e3469835-3476-4c49-9d3b-a0592727dd31-225x300.jpg 225w, http:\/\/www.gs-atter.de.maschinenhalle.eu\/wp-content\/uploads\/2019\/03\/e3469835-3476-4c49-9d3b-a0592727dd31.jpg 768w\" sizes=\"(max-width: 225px) 100vw, 225px\" \/><\/a>\n\t\t\t<\/div><\/figure><figure class='gallery-item'>\n\t\t\t<div class='gallery-icon portrait'>\n\t\t\t\t<a href='http:\/\/www.gs-atter.de.maschinenhalle.eu\/wp-content\/uploads\/2019\/03\/IMG_5516.jpeg'><img width=\"225\" height=\"300\" src=\"http:\/\/www.gs-atter.de.maschinenhalle.eu\/wp-content\/uploads\/2019\/03\/IMG_5516-225x300.jpeg\" class=\"attachment-medium size-medium\" alt=\"\" loading=\"lazy\" srcset=\"http:\/\/www.gs-atter.de.maschinenhalle.eu\/wp-content\/uploads\/2019\/03\/IMG_5516-225x300.jpeg 225w, http:\/\/www.gs-atter.de.maschinenhalle.eu\/wp-content\/uploads\/2019\/03\/IMG_5516-768x1024.jpeg 768w, http:\/\/www.gs-atter.de.maschinenhalle.eu\/wp-content\/uploads\/2019\/03\/IMG_5516-773x1030.jpeg 773w\" sizes=\"(max-width: 225px) 100vw, 225px\" \/><\/a>\n\t\t\t<\/div><\/figure><figure class='gallery-item'>\n\t\t\t<div class='gallery-icon portrait'>\n\t\t\t\t<a href='http:\/\/www.gs-atter.de.maschinenhalle.eu\/wp-content\/uploads\/2019\/03\/7e74f493-29c1-4c3d-9b0c-b756abd04a56.jpg'><img width=\"225\" height=\"300\" src=\"http:\/\/www.gs-atter.de.maschinenhalle.eu\/wp-content\/uploads\/2019\/03\/7e74f493-29c1-4c3d-9b0c-b756abd04a56-225x300.jpg\" class=\"attachment-medium size-medium\" alt=\"\" loading=\"lazy\" srcset=\"http:\/\/www.gs-atter.de.maschinenhalle.eu\/wp-content\/uploads\/2019\/03\/7e74f493-29c1-4c3d-9b0c-b756abd04a56-225x300.jpg 225w, http:\/\/www.gs-atter.de.maschinenhalle.eu\/wp-content\/uploads\/2019\/03\/7e74f493-29c1-4c3d-9b0c-b756abd04a56-768x1024.jpg 768w, http:\/\/www.gs-atter.de.maschinenhalle.eu\/wp-content\/uploads\/2019\/03\/7e74f493-29c1-4c3d-9b0c-b756abd04a56-773x1030.jpg 773w, http:\/\/www.gs-atter.de.maschinenhalle.eu\/wp-content\/uploads\/2019\/03\/7e74f493-29c1-4c3d-9b0c-b756abd04a56.jpg 1200w\" sizes=\"(max-width: 225px) 100vw, 225px\" \/><\/a>\n\t\t\t<\/div><\/figure><figure class='gallery-item'>\n\t\t\t<div class='gallery-icon portrait'>\n\t\t\t\t<a href='http:\/\/www.gs-atter.de.maschinenhalle.eu\/wp-content\/uploads\/2019\/03\/bc3f5ea6-65b1-480e-af55-5ff10d70ecf9.jpg'><img width=\"225\" height=\"300\" src=\"http:\/\/www.gs-atter.de.maschinenhalle.eu\/wp-content\/uploads\/2019\/03\/bc3f5ea6-65b1-480e-af55-5ff10d70ecf9-225x300.jpg\" class=\"attachment-medium size-medium\" alt=\"\" loading=\"lazy\" srcset=\"http:\/\/www.gs-atter.de.maschinenhalle.eu\/wp-content\/uploads\/2019\/03\/bc3f5ea6-65b1-480e-af55-5ff10d70ecf9-225x300.jpg 225w, http:\/\/www.gs-atter.de.maschinenhalle.eu\/wp-content\/uploads\/2019\/03\/bc3f5ea6-65b1-480e-af55-5ff10d70ecf9.jpg 768w\" sizes=\"(max-width: 225px) 100vw, 225px\" \/><\/a>\n\t\t\t<\/div><\/figure><figure class='gallery-item'>\n\t\t\t<div class='gallery-icon portrait'>\n\t\t\t\t<a href='http:\/\/www.gs-atter.de.maschinenhalle.eu\/wp-content\/uploads\/2019\/03\/1d6e9ccb-4d0d-41cd-8520-931287bc7fb4.jpg'><img width=\"225\" height=\"300\" src=\"http:\/\/www.gs-atter.de.maschinenhalle.eu\/wp-content\/uploads\/2019\/03\/1d6e9ccb-4d0d-41cd-8520-931287bc7fb4-225x300.jpg\" class=\"attachment-medium size-medium\" alt=\"\" loading=\"lazy\" srcset=\"http:\/\/www.gs-atter.de.maschinenhalle.eu\/wp-content\/uploads\/2019\/03\/1d6e9ccb-4d0d-41cd-8520-931287bc7fb4-225x300.jpg 225w, http:\/\/www.gs-atter.de.maschinenhalle.eu\/wp-content\/uploads\/2019\/03\/1d6e9ccb-4d0d-41cd-8520-931287bc7fb4.jpg 768w\" sizes=\"(max-width: 225px) 100vw, 225px\" \/><\/a>\n\t\t\t<\/div><\/figure><figure class='gallery-item'>\n\t\t\t<div class='gallery-icon landscape'>\n\t\t\t\t<a href='http:\/\/www.gs-atter.de.maschinenhalle.eu\/wp-content\/uploads\/2019\/03\/569530d0-baf1-48c2-925a-53a8bafc2836-2.jpg'><img width=\"300\" height=\"225\" src=\"http:\/\/www.gs-atter.de.maschinenhalle.eu\/wp-content\/uploads\/2019\/03\/569530d0-baf1-48c2-925a-53a8bafc2836-2-300x225.jpg\" class=\"attachment-medium size-medium\" alt=\"\" loading=\"lazy\" srcset=\"http:\/\/www.gs-atter.de.maschinenhalle.eu\/wp-content\/uploads\/2019\/03\/569530d0-baf1-48c2-925a-53a8bafc2836-2-300x225.jpg 300w, http:\/\/www.gs-atter.de.maschinenhalle.eu\/wp-content\/uploads\/2019\/03\/569530d0-baf1-48c2-925a-53a8bafc2836-2-768x576.jpg 768w, http:\/\/www.gs-atter.de.maschinenhalle.eu\/wp-content\/uploads\/2019\/03\/569530d0-baf1-48c2-925a-53a8bafc2836-2-1030x773.jpg 1030w, http:\/\/www.gs-atter.de.maschinenhalle.eu\/wp-content\/uploads\/2019\/03\/569530d0-baf1-48c2-925a-53a8bafc2836-2.jpg 1600w\" sizes=\"(max-width: 300px) 100vw, 300px\" \/><\/a>\n\t\t\t<\/div><\/figure><figure class='gallery-item'>\n\t\t\t<div class='gallery-icon landscape'>\n\t\t\t\t<a href='http:\/\/www.gs-atter.de.maschinenhalle.eu\/wp-content\/uploads\/2019\/03\/a7f9c878-6c92-4355-99f0-f66eddbbc39f-1.jpg'><img width=\"300\" height=\"233\" src=\"http:\/\/www.gs-atter.de.maschinenhalle.eu\/wp-content\/uploads\/2019\/03\/a7f9c878-6c92-4355-99f0-f66eddbbc39f-1-300x233.jpg\" class=\"attachment-medium size-medium\" alt=\"\" loading=\"lazy\" srcset=\"http:\/\/www.gs-atter.de.maschinenhalle.eu\/wp-content\/uploads\/2019\/03\/a7f9c878-6c92-4355-99f0-f66eddbbc39f-1-300x233.jpg 300w, http:\/\/www.gs-atter.de.maschinenhalle.eu\/wp-content\/uploads\/2019\/03\/a7f9c878-6c92-4355-99f0-f66eddbbc39f-1-768x596.jpg 768w, http:\/\/www.gs-atter.de.maschinenhalle.eu\/wp-content\/uploads\/2019\/03\/a7f9c878-6c92-4355-99f0-f66eddbbc39f-1-1030x800.jpg 1030w, http:\/\/www.gs-atter.de.maschinenhalle.eu\/wp-content\/uploads\/2019\/03\/a7f9c878-6c92-4355-99f0-f66eddbbc39f-1.jpg 1600w\" sizes=\"(max-width: 300px) 100vw, 300px\" \/><\/a>\n\t\t\t<\/div><\/figure><figure class='gallery-item'>\n\t\t\t<div class='gallery-icon portrait'>\n\t\t\t\t<a href='http:\/\/www.gs-atter.de.maschinenhalle.eu\/wp-content\/uploads\/2019\/03\/74845424-c0c8-4b2e-96ac-4178e340de0f.jpg'><img width=\"225\" height=\"300\" src=\"http:\/\/www.gs-atter.de.maschinenhalle.eu\/wp-content\/uploads\/2019\/03\/74845424-c0c8-4b2e-96ac-4178e340de0f-225x300.jpg\" class=\"attachment-medium size-medium\" alt=\"\" loading=\"lazy\" srcset=\"http:\/\/www.gs-atter.de.maschinenhalle.eu\/wp-content\/uploads\/2019\/03\/74845424-c0c8-4b2e-96ac-4178e340de0f-225x300.jpg 225w, http:\/\/www.gs-atter.de.maschinenhalle.eu\/wp-content\/uploads\/2019\/03\/74845424-c0c8-4b2e-96ac-4178e340de0f.jpg 768w\" sizes=\"(max-width: 225px) 100vw, 225px\" \/><\/a>\n\t\t\t<\/div><\/figure><figure class='gallery-item'>\n\t\t\t<div class='gallery-icon portrait'>\n\t\t\t\t<a href='http:\/\/www.gs-atter.de.maschinenhalle.eu\/wp-content\/uploads\/2019\/03\/ed08001b-8bd1-49d1-a096-766a5121d8aa.jpg'><img width=\"225\" height=\"300\" src=\"http:\/\/www.gs-atter.de.maschinenhalle.eu\/wp-content\/uploads\/2019\/03\/ed08001b-8bd1-49d1-a096-766a5121d8aa-225x300.jpg\" class=\"attachment-medium size-medium\" alt=\"\" loading=\"lazy\" srcset=\"http:\/\/www.gs-atter.de.maschinenhalle.eu\/wp-content\/uploads\/2019\/03\/ed08001b-8bd1-49d1-a096-766a5121d8aa-225x300.jpg 225w, http:\/\/www.gs-atter.de.maschinenhalle.eu\/wp-content\/uploads\/2019\/03\/ed08001b-8bd1-49d1-a096-766a5121d8aa.jpg 768w\" sizes=\"(max-width: 225px) 100vw, 225px\" \/><\/a>\n\t\t\t<\/div><\/figure><figure class='gallery-item'>\n\t\t\t<div class='gallery-icon portrait'>\n\t\t\t\t<a href='http:\/\/www.gs-atter.de.maschinenhalle.eu\/wp-content\/uploads\/2019\/03\/6182a657-f134-4f49-8beb-4c2b7af2ce45.jpg'><img width=\"225\" height=\"300\" src=\"http:\/\/www.gs-atter.de.maschinenhalle.eu\/wp-content\/uploads\/2019\/03\/6182a657-f134-4f49-8beb-4c2b7af2ce45-225x300.jpg\" class=\"attachment-medium size-medium\" alt=\"\" loading=\"lazy\" srcset=\"http:\/\/www.gs-atter.de.maschinenhalle.eu\/wp-content\/uploads\/2019\/03\/6182a657-f134-4f49-8beb-4c2b7af2ce45-225x300.jpg 225w, http:\/\/www.gs-atter.de.maschinenhalle.eu\/wp-content\/uploads\/2019\/03\/6182a657-f134-4f49-8beb-4c2b7af2ce45.jpg 768w\" sizes=\"(max-width: 225px) 100vw, 225px\" \/><\/a>\n\t\t\t<\/div><\/figure><figure class='gallery-item'>\n\t\t\t<div class='gallery-icon portrait'>\n\t\t\t\t<a href='http:\/\/www.gs-atter.de.maschinenhalle.eu\/wp-content\/uploads\/2019\/03\/06e53ee7-516e-4f35-8f41-ccc1555d3272.jpg'><img width=\"167\" height=\"300\" src=\"http:\/\/www.gs-atter.de.maschinenhalle.eu\/wp-content\/uploads\/2019\/03\/06e53ee7-516e-4f35-8f41-ccc1555d3272-167x300.jpg\" class=\"attachment-medium size-medium\" alt=\"\" loading=\"lazy\" srcset=\"http:\/\/www.gs-atter.de.maschinenhalle.eu\/wp-content\/uploads\/2019\/03\/06e53ee7-516e-4f35-8f41-ccc1555d3272-167x300.jpg 167w, http:\/\/www.gs-atter.de.maschinenhalle.eu\/wp-content\/uploads\/2019\/03\/06e53ee7-516e-4f35-8f41-ccc1555d3272-768x1376.jpg 768w, http:\/\/www.gs-atter.de.maschinenhalle.eu\/wp-content\/uploads\/2019\/03\/06e53ee7-516e-4f35-8f41-ccc1555d3272-575x1030.jpg 575w, http:\/\/www.gs-atter.de.maschinenhalle.eu\/wp-content\/uploads\/2019\/03\/06e53ee7-516e-4f35-8f41-ccc1555d3272.jpg 846w\" sizes=\"(max-width: 167px) 100vw, 167px\" \/><\/a>\n\t\t\t<\/div><\/figure>\n\t\t<\/div>\n\n<p>&nbsp;<\/p>\n<p>&nbsp;<\/p>\n","protected":false},"excerpt":{"rendered":"<p>Osna Helau! Am 4.2.2019 feierten die Sch\u00fclerinnen und Sch\u00fcler der Grundschule Osnabr\u00fcck Karneval! Ob mit Stopptanz, Reise nach Jerusalem, Kost\u00fcmtausch oder Modenschau &#8211; die Kinder hatten jede Menge Spa\u00df. Jeder Jahrgang verbrachte zudem eine Schulstunde gemeinsam in der Turnhalle, um in Spielen wie H\u00fchnerball oder Brennball gegeneinander anzutreten. &nbsp; &nbsp;<\/p>\n","protected":false},"author":1,"featured_media":0,"comment_status":"closed","ping_status":"closed","sticky":false,"template":"","format":"standard","meta":[],"categories":[1],"tags":[],"_links":{"self":[{"href":"http:\/\/www.gs-atter.de.maschinenhalle.eu\/index.php?rest_route=\/wp\/v2\/posts\/11609"}],"collection":[{"href":"http:\/\/www.gs-atter.de.maschinenhalle.eu\/index.php?rest_route=\/wp\/v2\/posts"}],"about":[{"href":"http:\/\/www.gs-atter.de.maschinenhalle.eu\/index.php?rest_route=\/wp\/v2\/types\/post"}],"author":[{"embeddable":true,"href":"http:\/\/www.gs-atter.de.maschinenhalle.eu\/index.php?rest_route=\/wp\/v2\/users\/1"}],"replies":[{"embeddable":true,"href":"http:\/\/www.gs-atter.de.maschinenhalle.eu\/index.php?rest_route=%2Fwp%2Fv2%2Fcomments&post=11609"}],"version-history":[{"count":3,"href":"http:\/\/www.gs-atter.de.maschinenhalle.eu\/index.php?rest_route=\/wp\/v2\/posts\/11609\/revisions"}],"predecessor-version":[{"id":11626,"href":"http:\/\/www.gs-atter.de.maschinenhalle.eu\/index.php?rest_route=\/wp\/v2\/posts\/11609\/revisions\/11626"}],"wp:attachment":[{"href":"http:\/\/www.gs-atter.de.maschinenhalle.eu\/index.php?rest_route=%2Fwp%2Fv2%2Fmedia&parent=11609"}],"wp:term":[{"taxonomy":"category","embeddable":true,"href":"http:\/\/www.gs-atter.de.maschinenhalle.eu\/index.php?rest_route=%2Fwp%2Fv2%2Fcategories&post=11609"},{"taxonomy":"post_tag","embeddable":true,"href":"http:\/\/www.gs-atter.de.maschinenhalle.eu\/index.php?rest_route=%2Fwp%2Fv2%2Ftags&post=11609"}],"curies":[{"name":"wp","href":"https:\/\/api.w.org\/{rel}","templated":true}]}}