{"id":12590,"date":"2020-12-15T13:52:47","date_gmt":"2020-12-15T11:52:47","guid":{"rendered":"http:\/\/www.gs-atter.de.maschinenhalle.eu\/?p=12590"},"modified":"2020-12-15T13:54:36","modified_gmt":"2020-12-15T11:54:36","slug":"nach-der-klasse-4","status":"publish","type":"post","link":"http:\/\/www.gs-atter.de.maschinenhalle.eu\/?p=12590","title":{"rendered":"&#8230; nach der Klasse 4"},"content":{"rendered":"\n<p>Im Sommer steht f\u00fcr unsere Kinder der 4. Klassen der Wechsel auf eine weiterf\u00fchrende Schule an. Entsprechend informiert Sie die Stadt Osnabr\u00fcck mit einem kurzen Video und einem Faltblatt. <\/p>\n\n\n\n<figure class=\"wp-block-embed-youtube wp-block-embed is-type-video is-provider-youtube wp-embed-aspect-16-9 wp-has-aspect-ratio\"><div class=\"wp-block-embed__wrapper\">\n<iframe loading=\"lazy\" title=\"Zukunft Schule\" width=\"1200\" height=\"675\" src=\"https:\/\/www.youtube.com\/embed\/MJ7Yt5zQXYw?feature=oembed\" frameborder=\"0\" allow=\"accelerometer; autoplay; clipboard-write; encrypted-media; gyroscope; picture-in-picture\" allowfullscreen><\/iframe>\n<\/div><\/figure>\n\n\n\n<div class=\"wp-container-1 wp-block-buttons\">\n<div class=\"wp-block-button\"><a class=\"wp-block-button__link\"><\/a><\/div>\n<\/div>\n","protected":false},"excerpt":{"rendered":"<p>Im Sommer steht f\u00fcr unsere Kinder der 4. Klassen der Wechsel auf eine weiterf\u00fchrende Schule an. Entsprechend informiert Sie die Stadt Osnabr\u00fcck mit einem kurzen Video und einem Faltblatt.<\/p>\n","protected":false},"author":1,"featured_media":0,"comment_status":"closed","ping_status":"closed","sticky":false,"template":"","format":"standard","meta":[],"categories":[1],"tags":[],"_links":{"self":[{"href":"http:\/\/www.gs-atter.de.maschinenhalle.eu\/index.php?rest_route=\/wp\/v2\/posts\/12590"}],"collection":[{"href":"http:\/\/www.gs-atter.de.maschinenhalle.eu\/index.php?rest_route=\/wp\/v2\/posts"}],"about":[{"href":"http:\/\/www.gs-atter.de.maschinenhalle.eu\/index.php?rest_route=\/wp\/v2\/types\/post"}],"author":[{"embeddable":true,"href":"http:\/\/www.gs-atter.de.maschinenhalle.eu\/index.php?rest_route=\/wp\/v2\/users\/1"}],"replies":[{"embeddable":true,"href":"http:\/\/www.gs-atter.de.maschinenhalle.eu\/index.php?rest_route=%2Fwp%2Fv2%2Fcomments&post=12590"}],"version-history":[{"count":2,"href":"http:\/\/www.gs-atter.de.maschinenhalle.eu\/index.php?rest_route=\/wp\/v2\/posts\/12590\/revisions"}],"predecessor-version":[{"id":12592,"href":"http:\/\/www.gs-atter.de.maschinenhalle.eu\/index.php?rest_route=\/wp\/v2\/posts\/12590\/revisions\/12592"}],"wp:attachment":[{"href":"http:\/\/www.gs-atter.de.maschinenhalle.eu\/index.php?rest_route=%2Fwp%2Fv2%2Fmedia&parent=12590"}],"wp:term":[{"taxonomy":"category","embeddable":true,"href":"http:\/\/www.gs-atter.de.maschinenhalle.eu\/index.php?rest_route=%2Fwp%2Fv2%2Fcategories&post=12590"},{"taxonomy":"post_tag","embeddable":true,"href":"http:\/\/www.gs-atter.de.maschinenhalle.eu\/index.php?rest_route=%2Fwp%2Fv2%2Ftags&post=12590"}],"curies":[{"name":"wp","href":"https:\/\/api.w.org\/{rel}","templated":true}]}}