{"id":12741,"date":"2021-05-26T20:25:16","date_gmt":"2021-05-26T18:25:16","guid":{"rendered":"http:\/\/www.gs-atter.de.maschinenhalle.eu\/?p=12741"},"modified":"2021-05-26T20:38:19","modified_gmt":"2021-05-26T18:38:19","slug":"einschulung","status":"publish","type":"post","link":"http:\/\/www.gs-atter.de.maschinenhalle.eu\/?p=12741","title":{"rendered":"Einschulung"},"content":{"rendered":"\n<p>Leider k\u00f6nnen wir in diesem Jahr keine normalen Einschulungsprojekte durchf\u00fchren. Stattdessen k\u00f6nnen Sie sich hier informieren:<\/p>\n\n\n\n<div class=\"wp-container-1 wp-block-buttons\">\n<div class=\"wp-block-button\"><a class=\"wp-block-button__link\" href=\"http:\/\/www.gs-atter.de.maschinenhalle.eu\/wp-content\/uploads\/2021\/05\/Einschulungsbrief_an_-Eltern_2021.docx\">Einschulungsbrief an die Eltern<\/a><\/div>\n<\/div>\n\n\n\n<div class=\"wp-container-2 wp-block-buttons\">\n<div class=\"wp-block-button\"><a class=\"wp-block-button__link\" href=\"http:\/\/www.gs-atter.de.maschinenhalle.eu\/wp-content\/uploads\/2021\/05\/Einschulungsbrief_an_Kinder_2021.docx\">Einschulungsbrief an die zuk\u00fcnftigen Erstkl\u00e4ssler<\/a><\/div>\n<\/div>\n\n\n\n<div class=\"wp-container-3 wp-block-buttons\">\n<div class=\"wp-block-button\"><a class=\"wp-block-button__link\" href=\"https:\/\/padlet.com\/breski\/31t43xk9j1aje583\">Padlet f\u00fcr die Eltern <\/a><\/div>\n<\/div>\n\n\n\n<div class=\"wp-container-4 wp-block-buttons\">\n<div class=\"wp-block-button\"><a class=\"wp-block-button__link\" href=\"https:\/\/padlet.com\/breski\/Bookmarks\">Padlet f\u00fcr die zuk\u00fcnftigen Erstkl\u00e4ssler<\/a><\/div>\n<\/div>\n","protected":false},"excerpt":{"rendered":"<p>Leider k\u00f6nnen wir in diesem Jahr keine normalen Einschulungsprojekte durchf\u00fchren. Stattdessen k\u00f6nnen Sie sich hier informieren:<\/p>\n","protected":false},"author":1,"featured_media":0,"comment_status":"closed","ping_status":"closed","sticky":false,"template":"","format":"standard","meta":[],"categories":[1],"tags":[],"_links":{"self":[{"href":"http:\/\/www.gs-atter.de.maschinenhalle.eu\/index.php?rest_route=\/wp\/v2\/posts\/12741"}],"collection":[{"href":"http:\/\/www.gs-atter.de.maschinenhalle.eu\/index.php?rest_route=\/wp\/v2\/posts"}],"about":[{"href":"http:\/\/www.gs-atter.de.maschinenhalle.eu\/index.php?rest_route=\/wp\/v2\/types\/post"}],"author":[{"embeddable":true,"href":"http:\/\/www.gs-atter.de.maschinenhalle.eu\/index.php?rest_route=\/wp\/v2\/users\/1"}],"replies":[{"embeddable":true,"href":"http:\/\/www.gs-atter.de.maschinenhalle.eu\/index.php?rest_route=%2Fwp%2Fv2%2Fcomments&post=12741"}],"version-history":[{"count":2,"href":"http:\/\/www.gs-atter.de.maschinenhalle.eu\/index.php?rest_route=\/wp\/v2\/posts\/12741\/revisions"}],"predecessor-version":[{"id":12746,"href":"http:\/\/www.gs-atter.de.maschinenhalle.eu\/index.php?rest_route=\/wp\/v2\/posts\/12741\/revisions\/12746"}],"wp:attachment":[{"href":"http:\/\/www.gs-atter.de.maschinenhalle.eu\/index.php?rest_route=%2Fwp%2Fv2%2Fmedia&parent=12741"}],"wp:term":[{"taxonomy":"category","embeddable":true,"href":"http:\/\/www.gs-atter.de.maschinenhalle.eu\/index.php?rest_route=%2Fwp%2Fv2%2Fcategories&post=12741"},{"taxonomy":"post_tag","embeddable":true,"href":"http:\/\/www.gs-atter.de.maschinenhalle.eu\/index.php?rest_route=%2Fwp%2Fv2%2Ftags&post=12741"}],"curies":[{"name":"wp","href":"https:\/\/api.w.org\/{rel}","templated":true}]}}