{"id":13334,"date":"2022-05-29T19:25:29","date_gmt":"2022-05-29T17:25:29","guid":{"rendered":"http:\/\/www.gs-atter.de.maschinenhalle.eu\/?p=13334"},"modified":"2022-05-29T19:25:31","modified_gmt":"2022-05-29T17:25:31","slug":"umweltprojektwoche","status":"publish","type":"post","link":"http:\/\/www.gs-atter.de.maschinenhalle.eu\/?p=13334","title":{"rendered":"Umweltprojektwoche"},"content":{"rendered":"\n<p>Schule spielt eine wichtige Rolle, um die junge Generation f\u00fcr das Thema Klima- und Umweltschutz zu sensibilisieren. Daher versuchen wir aufzuzeigen, was sie selber in ihrem Alltag tun k\u00f6nnen. Entsprechend hat an der Grundschule in Atter in der letzten Maiwoche eine Umweltprojektwoche stattgefunden: Wasser und Strom sparen, den M\u00fcll trennen, nachhaltig einkaufen \u2013 es gibt viele Bereiche , in denen man bereits durch kleine Ver\u00e4nderungen etwas bewirken kann.<\/p>\n\n\n\n<figure class=\"wp-block-image size-large\"><img loading=\"lazy\" width=\"1030\" height=\"773\" src=\"http:\/\/www.gs-atter.de.maschinenhalle.eu\/wp-content\/uploads\/2022\/05\/559A7585-A5CC-4527-9B86-EB532C42B06F-1030x773.jpeg\" alt=\"\" class=\"wp-image-13282\" srcset=\"http:\/\/www.gs-atter.de.maschinenhalle.eu\/wp-content\/uploads\/2022\/05\/559A7585-A5CC-4527-9B86-EB532C42B06F-1030x773.jpeg 1030w, http:\/\/www.gs-atter.de.maschinenhalle.eu\/wp-content\/uploads\/2022\/05\/559A7585-A5CC-4527-9B86-EB532C42B06F-300x225.jpeg 300w, http:\/\/www.gs-atter.de.maschinenhalle.eu\/wp-content\/uploads\/2022\/05\/559A7585-A5CC-4527-9B86-EB532C42B06F-768x576.jpeg 768w, http:\/\/www.gs-atter.de.maschinenhalle.eu\/wp-content\/uploads\/2022\/05\/559A7585-A5CC-4527-9B86-EB532C42B06F-1536x1152.jpeg 1536w, http:\/\/www.gs-atter.de.maschinenhalle.eu\/wp-content\/uploads\/2022\/05\/559A7585-A5CC-4527-9B86-EB532C42B06F.jpeg 2000w\" sizes=\"(max-width: 1030px) 100vw, 1030px\" \/><\/figure>\n\n\n\n<p>Zum Auftakt der Woche traf sich die Schulgemeinschaft zum gemeinsamen Singen. Die einzelnen Projekte f\u00fcr die kommenden Tage wurden dabei vorgestellt. Danach ging es f\u00fcr alle Sch\u00fcler raus aus der Schule zu Streifz\u00fcgen durch Atter. Mit Handschuhen, Sammelzangen,M\u00fcllt\u00fcten und Bollerwagen ausgestattet, streiften die Klassen durch Atter, um M\u00fcll zu sammeln. Fahrradteile, M\u00f6belteile, unz\u00e4hlige Dosen, Flaschen, Papiere, Kippen und vieles mehr wurde gefunden.<\/p>\n\n\n\n<figure class=\"wp-block-image size-large is-resized\"><img loading=\"lazy\" src=\"http:\/\/www.gs-atter.de.maschinenhalle.eu\/wp-content\/uploads\/2022\/05\/E02630DE-BBCF-4873-B34B-F2032B08BF92-773x1030.jpeg\" alt=\"\" class=\"wp-image-13295\" width=\"528\" height=\"704\" srcset=\"http:\/\/www.gs-atter.de.maschinenhalle.eu\/wp-content\/uploads\/2022\/05\/E02630DE-BBCF-4873-B34B-F2032B08BF92-773x1030.jpeg 773w, http:\/\/www.gs-atter.de.maschinenhalle.eu\/wp-content\/uploads\/2022\/05\/E02630DE-BBCF-4873-B34B-F2032B08BF92-225x300.jpeg 225w, http:\/\/www.gs-atter.de.maschinenhalle.eu\/wp-content\/uploads\/2022\/05\/E02630DE-BBCF-4873-B34B-F2032B08BF92-768x1024.jpeg 768w, http:\/\/www.gs-atter.de.maschinenhalle.eu\/wp-content\/uploads\/2022\/05\/E02630DE-BBCF-4873-B34B-F2032B08BF92-1152x1536.jpeg 1152w, http:\/\/www.gs-atter.de.maschinenhalle.eu\/wp-content\/uploads\/2022\/05\/E02630DE-BBCF-4873-B34B-F2032B08BF92.jpeg 1536w\" sizes=\"(max-width: 528px) 100vw, 528px\" \/><\/figure>\n\n\n\n<p>Gleich danach folgte der n\u00e4chste Projektteil das \u201eupcycling\u201c. Aus vermeidlichem M\u00fcll wurden neue Gebrauchsgegenst\u00e4nde gebastelt: So wurden aus alten Handt\u00fcchern Stuhlkissen gefertigt, aus alten Dosen Insektenhotels, aus altem Stoff und Kronkorken ein neues Mensch-\u00c4rger-Dich-Nicht oder aus alten Milchpackungen ein Vogelh\u00e4uschen gebastelt. Besonderer Beliebtheit erfreuten sich auch Wachst\u00fccher, die aus alten Stoffen gefertigt wurden und mit denen jetzt die Schulbrote umweltfreundlich eingepackt werden k\u00f6nnen.<\/p>\n\n\n\n<figure class=\"wp-container-2 wp-block-gallery-1 wp-block-gallery columns-3 is-cropped\"><ul class=\"blocks-gallery-grid\"><li class=\"blocks-gallery-item\"><figure><img loading=\"lazy\" width=\"773\" height=\"1030\" src=\"http:\/\/www.gs-atter.de.maschinenhalle.eu\/wp-content\/uploads\/2022\/05\/E4C18739-1207-4814-B6AB-AA907F2F9815-773x1030.jpeg\" alt=\"\" data-id=\"13337\" data-full-url=\"http:\/\/www.gs-atter.de.maschinenhalle.eu\/wp-content\/uploads\/2022\/05\/E4C18739-1207-4814-B6AB-AA907F2F9815-scaled.jpeg\" data-link=\"http:\/\/www.gs-atter.de.maschinenhalle.eu\/?attachment_id=13337#main\" class=\"wp-image-13337\" srcset=\"http:\/\/www.gs-atter.de.maschinenhalle.eu\/wp-content\/uploads\/2022\/05\/E4C18739-1207-4814-B6AB-AA907F2F9815-773x1030.jpeg 773w, http:\/\/www.gs-atter.de.maschinenhalle.eu\/wp-content\/uploads\/2022\/05\/E4C18739-1207-4814-B6AB-AA907F2F9815-225x300.jpeg 225w, http:\/\/www.gs-atter.de.maschinenhalle.eu\/wp-content\/uploads\/2022\/05\/E4C18739-1207-4814-B6AB-AA907F2F9815-768x1024.jpeg 768w, http:\/\/www.gs-atter.de.maschinenhalle.eu\/wp-content\/uploads\/2022\/05\/E4C18739-1207-4814-B6AB-AA907F2F9815-1152x1536.jpeg 1152w, http:\/\/www.gs-atter.de.maschinenhalle.eu\/wp-content\/uploads\/2022\/05\/E4C18739-1207-4814-B6AB-AA907F2F9815-1536x2048.jpeg 1536w, http:\/\/www.gs-atter.de.maschinenhalle.eu\/wp-content\/uploads\/2022\/05\/E4C18739-1207-4814-B6AB-AA907F2F9815-scaled.jpeg 1920w\" sizes=\"(max-width: 773px) 100vw, 773px\" \/><\/figure><\/li><li class=\"blocks-gallery-item\"><figure><img loading=\"lazy\" width=\"773\" height=\"1030\" src=\"http:\/\/www.gs-atter.de.maschinenhalle.eu\/wp-content\/uploads\/2022\/05\/4BEE088A-B140-450E-86FC-E0E7E96A4ECE-773x1030.jpeg\" alt=\"\" data-id=\"13338\" data-full-url=\"http:\/\/www.gs-atter.de.maschinenhalle.eu\/wp-content\/uploads\/2022\/05\/4BEE088A-B140-450E-86FC-E0E7E96A4ECE-scaled.jpeg\" data-link=\"http:\/\/www.gs-atter.de.maschinenhalle.eu\/?attachment_id=13338#main\" class=\"wp-image-13338\" srcset=\"http:\/\/www.gs-atter.de.maschinenhalle.eu\/wp-content\/uploads\/2022\/05\/4BEE088A-B140-450E-86FC-E0E7E96A4ECE-773x1030.jpeg 773w, http:\/\/www.gs-atter.de.maschinenhalle.eu\/wp-content\/uploads\/2022\/05\/4BEE088A-B140-450E-86FC-E0E7E96A4ECE-225x300.jpeg 225w, http:\/\/www.gs-atter.de.maschinenhalle.eu\/wp-content\/uploads\/2022\/05\/4BEE088A-B140-450E-86FC-E0E7E96A4ECE-768x1024.jpeg 768w, http:\/\/www.gs-atter.de.maschinenhalle.eu\/wp-content\/uploads\/2022\/05\/4BEE088A-B140-450E-86FC-E0E7E96A4ECE-1152x1536.jpeg 1152w, http:\/\/www.gs-atter.de.maschinenhalle.eu\/wp-content\/uploads\/2022\/05\/4BEE088A-B140-450E-86FC-E0E7E96A4ECE-1536x2048.jpeg 1536w, http:\/\/www.gs-atter.de.maschinenhalle.eu\/wp-content\/uploads\/2022\/05\/4BEE088A-B140-450E-86FC-E0E7E96A4ECE-scaled.jpeg 1920w\" sizes=\"(max-width: 773px) 100vw, 773px\" \/><\/figure><\/li><li class=\"blocks-gallery-item\"><figure><img loading=\"lazy\" width=\"1030\" height=\"773\" src=\"http:\/\/www.gs-atter.de.maschinenhalle.eu\/wp-content\/uploads\/2022\/05\/058FBD8A-48AD-44BD-A41A-BB08CB2C2018-1030x773.jpeg\" alt=\"\" data-id=\"13339\" data-full-url=\"http:\/\/www.gs-atter.de.maschinenhalle.eu\/wp-content\/uploads\/2022\/05\/058FBD8A-48AD-44BD-A41A-BB08CB2C2018-scaled.jpeg\" data-link=\"http:\/\/www.gs-atter.de.maschinenhalle.eu\/?attachment_id=13339#main\" class=\"wp-image-13339\" srcset=\"http:\/\/www.gs-atter.de.maschinenhalle.eu\/wp-content\/uploads\/2022\/05\/058FBD8A-48AD-44BD-A41A-BB08CB2C2018-1030x773.jpeg 1030w, http:\/\/www.gs-atter.de.maschinenhalle.eu\/wp-content\/uploads\/2022\/05\/058FBD8A-48AD-44BD-A41A-BB08CB2C2018-300x225.jpeg 300w, http:\/\/www.gs-atter.de.maschinenhalle.eu\/wp-content\/uploads\/2022\/05\/058FBD8A-48AD-44BD-A41A-BB08CB2C2018-768x576.jpeg 768w, http:\/\/www.gs-atter.de.maschinenhalle.eu\/wp-content\/uploads\/2022\/05\/058FBD8A-48AD-44BD-A41A-BB08CB2C2018-1536x1152.jpeg 1536w, http:\/\/www.gs-atter.de.maschinenhalle.eu\/wp-content\/uploads\/2022\/05\/058FBD8A-48AD-44BD-A41A-BB08CB2C2018-2048x1536.jpeg 2048w\" sizes=\"(max-width: 1030px) 100vw, 1030px\" \/><\/figure><\/li><li class=\"blocks-gallery-item\"><figure><img loading=\"lazy\" width=\"773\" height=\"1030\" src=\"http:\/\/www.gs-atter.de.maschinenhalle.eu\/wp-content\/uploads\/2022\/05\/6E9D3BF2-4698-4F16-8327-21B9AA092E6E-773x1030.jpeg\" alt=\"\" data-id=\"13347\" data-full-url=\"http:\/\/www.gs-atter.de.maschinenhalle.eu\/wp-content\/uploads\/2022\/05\/6E9D3BF2-4698-4F16-8327-21B9AA092E6E-scaled.jpeg\" data-link=\"http:\/\/www.gs-atter.de.maschinenhalle.eu\/?attachment_id=13347#main\" class=\"wp-image-13347\" srcset=\"http:\/\/www.gs-atter.de.maschinenhalle.eu\/wp-content\/uploads\/2022\/05\/6E9D3BF2-4698-4F16-8327-21B9AA092E6E-773x1030.jpeg 773w, http:\/\/www.gs-atter.de.maschinenhalle.eu\/wp-content\/uploads\/2022\/05\/6E9D3BF2-4698-4F16-8327-21B9AA092E6E-225x300.jpeg 225w, http:\/\/www.gs-atter.de.maschinenhalle.eu\/wp-content\/uploads\/2022\/05\/6E9D3BF2-4698-4F16-8327-21B9AA092E6E-768x1024.jpeg 768w, http:\/\/www.gs-atter.de.maschinenhalle.eu\/wp-content\/uploads\/2022\/05\/6E9D3BF2-4698-4F16-8327-21B9AA092E6E-1152x1536.jpeg 1152w, http:\/\/www.gs-atter.de.maschinenhalle.eu\/wp-content\/uploads\/2022\/05\/6E9D3BF2-4698-4F16-8327-21B9AA092E6E-1536x2048.jpeg 1536w, http:\/\/www.gs-atter.de.maschinenhalle.eu\/wp-content\/uploads\/2022\/05\/6E9D3BF2-4698-4F16-8327-21B9AA092E6E-scaled.jpeg 1920w\" sizes=\"(max-width: 773px) 100vw, 773px\" \/><\/figure><\/li><li class=\"blocks-gallery-item\"><figure><img loading=\"lazy\" width=\"773\" height=\"1030\" src=\"http:\/\/www.gs-atter.de.maschinenhalle.eu\/wp-content\/uploads\/2022\/05\/53A264F9-3D5C-41E7-BF33-FEA4D62B89B3-773x1030.jpeg\" alt=\"\" data-id=\"13349\" data-full-url=\"http:\/\/www.gs-atter.de.maschinenhalle.eu\/wp-content\/uploads\/2022\/05\/53A264F9-3D5C-41E7-BF33-FEA4D62B89B3-scaled.jpeg\" data-link=\"http:\/\/www.gs-atter.de.maschinenhalle.eu\/?attachment_id=13349#main\" class=\"wp-image-13349\" srcset=\"http:\/\/www.gs-atter.de.maschinenhalle.eu\/wp-content\/uploads\/2022\/05\/53A264F9-3D5C-41E7-BF33-FEA4D62B89B3-773x1030.jpeg 773w, http:\/\/www.gs-atter.de.maschinenhalle.eu\/wp-content\/uploads\/2022\/05\/53A264F9-3D5C-41E7-BF33-FEA4D62B89B3-225x300.jpeg 225w, http:\/\/www.gs-atter.de.maschinenhalle.eu\/wp-content\/uploads\/2022\/05\/53A264F9-3D5C-41E7-BF33-FEA4D62B89B3-768x1024.jpeg 768w, http:\/\/www.gs-atter.de.maschinenhalle.eu\/wp-content\/uploads\/2022\/05\/53A264F9-3D5C-41E7-BF33-FEA4D62B89B3-1152x1536.jpeg 1152w, http:\/\/www.gs-atter.de.maschinenhalle.eu\/wp-content\/uploads\/2022\/05\/53A264F9-3D5C-41E7-BF33-FEA4D62B89B3-1536x2048.jpeg 1536w, http:\/\/www.gs-atter.de.maschinenhalle.eu\/wp-content\/uploads\/2022\/05\/53A264F9-3D5C-41E7-BF33-FEA4D62B89B3-scaled.jpeg 1920w\" sizes=\"(max-width: 773px) 100vw, 773px\" \/><\/figure><\/li><li class=\"blocks-gallery-item\"><figure><img loading=\"lazy\" width=\"1030\" height=\"773\" src=\"http:\/\/www.gs-atter.de.maschinenhalle.eu\/wp-content\/uploads\/2022\/05\/93FEBF19-4BEA-4536-8E98-DFFD23DDC7A4-1030x773.jpeg\" alt=\"\" data-id=\"13350\" data-full-url=\"http:\/\/www.gs-atter.de.maschinenhalle.eu\/wp-content\/uploads\/2022\/05\/93FEBF19-4BEA-4536-8E98-DFFD23DDC7A4-scaled.jpeg\" data-link=\"http:\/\/www.gs-atter.de.maschinenhalle.eu\/?attachment_id=13350#main\" class=\"wp-image-13350\" srcset=\"http:\/\/www.gs-atter.de.maschinenhalle.eu\/wp-content\/uploads\/2022\/05\/93FEBF19-4BEA-4536-8E98-DFFD23DDC7A4-1030x773.jpeg 1030w, http:\/\/www.gs-atter.de.maschinenhalle.eu\/wp-content\/uploads\/2022\/05\/93FEBF19-4BEA-4536-8E98-DFFD23DDC7A4-300x225.jpeg 300w, http:\/\/www.gs-atter.de.maschinenhalle.eu\/wp-content\/uploads\/2022\/05\/93FEBF19-4BEA-4536-8E98-DFFD23DDC7A4-768x576.jpeg 768w, http:\/\/www.gs-atter.de.maschinenhalle.eu\/wp-content\/uploads\/2022\/05\/93FEBF19-4BEA-4536-8E98-DFFD23DDC7A4-1536x1152.jpeg 1536w, http:\/\/www.gs-atter.de.maschinenhalle.eu\/wp-content\/uploads\/2022\/05\/93FEBF19-4BEA-4536-8E98-DFFD23DDC7A4-2048x1536.jpeg 2048w\" sizes=\"(max-width: 1030px) 100vw, 1030px\" \/><\/figure><\/li><\/ul><\/figure>\n\n\n\n<p>Von den Sch\u00fclern gut angenommen wurde auch eine Ausstellung zu umweltfreundlichen Bad- und K\u00fcchenutensilien und einer aufkl\u00e4rende Plakatwand.<\/p>\n\n\n\n<figure class=\"wp-container-4 wp-block-gallery-3 wp-block-gallery columns-3 is-cropped\"><ul class=\"blocks-gallery-grid\"><li class=\"blocks-gallery-item\"><figure><img loading=\"lazy\" width=\"773\" height=\"1030\" src=\"http:\/\/www.gs-atter.de.maschinenhalle.eu\/wp-content\/uploads\/2022\/05\/91AC42D8-1007-482C-BC83-F92AED5559F3-773x1030.jpeg\" alt=\"\" data-id=\"13346\" data-full-url=\"http:\/\/www.gs-atter.de.maschinenhalle.eu\/wp-content\/uploads\/2022\/05\/91AC42D8-1007-482C-BC83-F92AED5559F3-scaled.jpeg\" data-link=\"http:\/\/www.gs-atter.de.maschinenhalle.eu\/?attachment_id=13346#main\" class=\"wp-image-13346\" srcset=\"http:\/\/www.gs-atter.de.maschinenhalle.eu\/wp-content\/uploads\/2022\/05\/91AC42D8-1007-482C-BC83-F92AED5559F3-773x1030.jpeg 773w, http:\/\/www.gs-atter.de.maschinenhalle.eu\/wp-content\/uploads\/2022\/05\/91AC42D8-1007-482C-BC83-F92AED5559F3-225x300.jpeg 225w, http:\/\/www.gs-atter.de.maschinenhalle.eu\/wp-content\/uploads\/2022\/05\/91AC42D8-1007-482C-BC83-F92AED5559F3-768x1024.jpeg 768w, http:\/\/www.gs-atter.de.maschinenhalle.eu\/wp-content\/uploads\/2022\/05\/91AC42D8-1007-482C-BC83-F92AED5559F3-1152x1536.jpeg 1152w, http:\/\/www.gs-atter.de.maschinenhalle.eu\/wp-content\/uploads\/2022\/05\/91AC42D8-1007-482C-BC83-F92AED5559F3-1536x2048.jpeg 1536w, http:\/\/www.gs-atter.de.maschinenhalle.eu\/wp-content\/uploads\/2022\/05\/91AC42D8-1007-482C-BC83-F92AED5559F3-scaled.jpeg 1920w\" sizes=\"(max-width: 773px) 100vw, 773px\" \/><\/figure><\/li><li class=\"blocks-gallery-item\"><figure><img loading=\"lazy\" width=\"773\" height=\"1030\" src=\"http:\/\/www.gs-atter.de.maschinenhalle.eu\/wp-content\/uploads\/2022\/05\/B0AFD508-00AD-485E-917C-652EC5AC118D-773x1030.jpeg\" alt=\"\" data-id=\"13345\" data-full-url=\"http:\/\/www.gs-atter.de.maschinenhalle.eu\/wp-content\/uploads\/2022\/05\/B0AFD508-00AD-485E-917C-652EC5AC118D-scaled.jpeg\" data-link=\"http:\/\/www.gs-atter.de.maschinenhalle.eu\/?attachment_id=13345#main\" class=\"wp-image-13345\" srcset=\"http:\/\/www.gs-atter.de.maschinenhalle.eu\/wp-content\/uploads\/2022\/05\/B0AFD508-00AD-485E-917C-652EC5AC118D-773x1030.jpeg 773w, http:\/\/www.gs-atter.de.maschinenhalle.eu\/wp-content\/uploads\/2022\/05\/B0AFD508-00AD-485E-917C-652EC5AC118D-225x300.jpeg 225w, http:\/\/www.gs-atter.de.maschinenhalle.eu\/wp-content\/uploads\/2022\/05\/B0AFD508-00AD-485E-917C-652EC5AC118D-768x1024.jpeg 768w, http:\/\/www.gs-atter.de.maschinenhalle.eu\/wp-content\/uploads\/2022\/05\/B0AFD508-00AD-485E-917C-652EC5AC118D-1152x1536.jpeg 1152w, http:\/\/www.gs-atter.de.maschinenhalle.eu\/wp-content\/uploads\/2022\/05\/B0AFD508-00AD-485E-917C-652EC5AC118D-1536x2048.jpeg 1536w, http:\/\/www.gs-atter.de.maschinenhalle.eu\/wp-content\/uploads\/2022\/05\/B0AFD508-00AD-485E-917C-652EC5AC118D-scaled.jpeg 1920w\" sizes=\"(max-width: 773px) 100vw, 773px\" \/><\/figure><\/li><li class=\"blocks-gallery-item\"><figure><img loading=\"lazy\" width=\"773\" height=\"1030\" src=\"http:\/\/www.gs-atter.de.maschinenhalle.eu\/wp-content\/uploads\/2022\/05\/804B6695-6448-4251-8197-7E7804AFB538-773x1030.jpeg\" alt=\"\" data-id=\"13344\" data-full-url=\"http:\/\/www.gs-atter.de.maschinenhalle.eu\/wp-content\/uploads\/2022\/05\/804B6695-6448-4251-8197-7E7804AFB538-scaled.jpeg\" data-link=\"http:\/\/www.gs-atter.de.maschinenhalle.eu\/?attachment_id=13344#main\" class=\"wp-image-13344\" srcset=\"http:\/\/www.gs-atter.de.maschinenhalle.eu\/wp-content\/uploads\/2022\/05\/804B6695-6448-4251-8197-7E7804AFB538-773x1030.jpeg 773w, http:\/\/www.gs-atter.de.maschinenhalle.eu\/wp-content\/uploads\/2022\/05\/804B6695-6448-4251-8197-7E7804AFB538-225x300.jpeg 225w, http:\/\/www.gs-atter.de.maschinenhalle.eu\/wp-content\/uploads\/2022\/05\/804B6695-6448-4251-8197-7E7804AFB538-768x1024.jpeg 768w, http:\/\/www.gs-atter.de.maschinenhalle.eu\/wp-content\/uploads\/2022\/05\/804B6695-6448-4251-8197-7E7804AFB538-1152x1536.jpeg 1152w, http:\/\/www.gs-atter.de.maschinenhalle.eu\/wp-content\/uploads\/2022\/05\/804B6695-6448-4251-8197-7E7804AFB538-1536x2048.jpeg 1536w, http:\/\/www.gs-atter.de.maschinenhalle.eu\/wp-content\/uploads\/2022\/05\/804B6695-6448-4251-8197-7E7804AFB538-scaled.jpeg 1920w\" sizes=\"(max-width: 773px) 100vw, 773px\" \/><\/figure><\/li><li class=\"blocks-gallery-item\"><figure><img loading=\"lazy\" width=\"773\" height=\"1030\" src=\"http:\/\/www.gs-atter.de.maschinenhalle.eu\/wp-content\/uploads\/2022\/05\/4AB2CC6B-3D44-46AC-B370-449A4F16BA4C-773x1030.jpeg\" alt=\"\" data-id=\"13341\" data-full-url=\"http:\/\/www.gs-atter.de.maschinenhalle.eu\/wp-content\/uploads\/2022\/05\/4AB2CC6B-3D44-46AC-B370-449A4F16BA4C-scaled.jpeg\" data-link=\"http:\/\/www.gs-atter.de.maschinenhalle.eu\/?attachment_id=13341#main\" class=\"wp-image-13341\" srcset=\"http:\/\/www.gs-atter.de.maschinenhalle.eu\/wp-content\/uploads\/2022\/05\/4AB2CC6B-3D44-46AC-B370-449A4F16BA4C-773x1030.jpeg 773w, http:\/\/www.gs-atter.de.maschinenhalle.eu\/wp-content\/uploads\/2022\/05\/4AB2CC6B-3D44-46AC-B370-449A4F16BA4C-225x300.jpeg 225w, http:\/\/www.gs-atter.de.maschinenhalle.eu\/wp-content\/uploads\/2022\/05\/4AB2CC6B-3D44-46AC-B370-449A4F16BA4C-768x1024.jpeg 768w, http:\/\/www.gs-atter.de.maschinenhalle.eu\/wp-content\/uploads\/2022\/05\/4AB2CC6B-3D44-46AC-B370-449A4F16BA4C-1152x1536.jpeg 1152w, http:\/\/www.gs-atter.de.maschinenhalle.eu\/wp-content\/uploads\/2022\/05\/4AB2CC6B-3D44-46AC-B370-449A4F16BA4C-1536x2048.jpeg 1536w, http:\/\/www.gs-atter.de.maschinenhalle.eu\/wp-content\/uploads\/2022\/05\/4AB2CC6B-3D44-46AC-B370-449A4F16BA4C-scaled.jpeg 1920w\" sizes=\"(max-width: 773px) 100vw, 773px\" \/><\/figure><\/li><\/ul><\/figure>\n\n\n\n<p>Begleitet wurde die Projektwoche von Frau Schad vom Verein \u201eCity-Cleanerns-Deutschland\u201c. Beeindruckend hat sie den Kindern von ihren M\u00fcllsammelaktionen berichtet und verdeutlicht, welche Gefahr M\u00fcll f\u00fcr Tiere darstellen kann. Die Kinder lauschten gebannt und verstanden, wie sie selber etwas zum Umweltschutz beitragen k\u00f6nnen.<br>Musikalisch wurde die Woche von Svenja Niepel (Musikp\u00e4dagogin an der Musik- und Kunstschule Osnabr\u00fcck) eingerahmt.<\/p>\n\n\n\n<figure class=\"wp-block-image size-large\"><img loading=\"lazy\" width=\"773\" height=\"1030\" src=\"http:\/\/www.gs-atter.de.maschinenhalle.eu\/wp-content\/uploads\/2022\/05\/C6D0F654-57D8-483A-927C-88EEA2640210-773x1030.jpeg\" alt=\"\" class=\"wp-image-13336\" srcset=\"http:\/\/www.gs-atter.de.maschinenhalle.eu\/wp-content\/uploads\/2022\/05\/C6D0F654-57D8-483A-927C-88EEA2640210-773x1030.jpeg 773w, http:\/\/www.gs-atter.de.maschinenhalle.eu\/wp-content\/uploads\/2022\/05\/C6D0F654-57D8-483A-927C-88EEA2640210-225x300.jpeg 225w, http:\/\/www.gs-atter.de.maschinenhalle.eu\/wp-content\/uploads\/2022\/05\/C6D0F654-57D8-483A-927C-88EEA2640210-768x1024.jpeg 768w, http:\/\/www.gs-atter.de.maschinenhalle.eu\/wp-content\/uploads\/2022\/05\/C6D0F654-57D8-483A-927C-88EEA2640210-1152x1536.jpeg 1152w, http:\/\/www.gs-atter.de.maschinenhalle.eu\/wp-content\/uploads\/2022\/05\/C6D0F654-57D8-483A-927C-88EEA2640210-1536x2048.jpeg 1536w, http:\/\/www.gs-atter.de.maschinenhalle.eu\/wp-content\/uploads\/2022\/05\/C6D0F654-57D8-483A-927C-88EEA2640210-scaled.jpeg 1920w\" sizes=\"(max-width: 773px) 100vw, 773px\" \/><\/figure>\n\n\n\n<p>Nat\u00fcrlich gab es auch einen Preis zu gewinnen: Die Klasse, die in der Projektwoche am sorgf\u00e4ltigsten und genauesten den M\u00fcll trennte, konnte die \u201egoldene M\u00fcllt\u00fcte\u201c gewinnen. Gef\u00fcllt war sie mit einer Menge \u201eKindergold\u201c in Form von S\u00fc\u00dfigkeiten.<\/p>\n\n\n\n<figure class=\"wp-block-image size-large\"><img loading=\"lazy\" width=\"773\" height=\"1030\" src=\"http:\/\/www.gs-atter.de.maschinenhalle.eu\/wp-content\/uploads\/2022\/05\/51E13004-659C-4019-838F-C5BF76DBEB62-773x1030.jpeg\" alt=\"\" class=\"wp-image-13335\" srcset=\"http:\/\/www.gs-atter.de.maschinenhalle.eu\/wp-content\/uploads\/2022\/05\/51E13004-659C-4019-838F-C5BF76DBEB62-773x1030.jpeg 773w, http:\/\/www.gs-atter.de.maschinenhalle.eu\/wp-content\/uploads\/2022\/05\/51E13004-659C-4019-838F-C5BF76DBEB62-225x300.jpeg 225w, http:\/\/www.gs-atter.de.maschinenhalle.eu\/wp-content\/uploads\/2022\/05\/51E13004-659C-4019-838F-C5BF76DBEB62-768x1024.jpeg 768w, http:\/\/www.gs-atter.de.maschinenhalle.eu\/wp-content\/uploads\/2022\/05\/51E13004-659C-4019-838F-C5BF76DBEB62-1152x1536.jpeg 1152w, http:\/\/www.gs-atter.de.maschinenhalle.eu\/wp-content\/uploads\/2022\/05\/51E13004-659C-4019-838F-C5BF76DBEB62.jpeg 1200w\" sizes=\"(max-width: 773px) 100vw, 773px\" \/><\/figure>\n\n\n\n<p>Doch auch nach der Projektwoche wollen wir weiter machen. So sammeln die Kinder noch 3 Wochen lang Umweltmeilen: Jede Strecke, die umweltfreundlich mit dem Fahrrad, dem Roller oder zu Fu\u00df von den Kindern zur\u00fcckgelegt wird, wird in einem Stickerheft mit einem Aufkleber belohnt. Die Heft werden bald gesammelt und auf dem Umweltmeilen-Abschlussfest im Zoo \u00fcberreicht.<\/p>\n\n\n\n<p>Umdenken und handeln \u2013 genau darauf kommt es an.<\/p>\n","protected":false},"excerpt":{"rendered":"<p>Schule spielt eine wichtige Rolle, um die junge Generation f\u00fcr das Thema Klima- und Umweltschutz zu sensibilisieren. Daher versuchen wir aufzuzeigen, was sie selber in ihrem Alltag tun k\u00f6nnen. Entsprechend hat an der Grundschule in Atter in der letzten Maiwoche eine Umweltprojektwoche stattgefunden: Wasser und Strom sparen, den M\u00fcll trennen, nachhaltig einkaufen \u2013 es gibt &#8230; <a title=\"Umweltprojektwoche\" class=\"read-more\" href=\"http:\/\/www.gs-atter.de.maschinenhalle.eu\/?p=13334\" aria-label=\"Mehr dazu unter Umweltprojektwoche\">Weiterlesen<\/a><\/p>\n","protected":false},"author":1,"featured_media":0,"comment_status":"closed","ping_status":"closed","sticky":false,"template":"","format":"standard","meta":[],"categories":[1],"tags":[],"_links":{"self":[{"href":"http:\/\/www.gs-atter.de.maschinenhalle.eu\/index.php?rest_route=\/wp\/v2\/posts\/13334"}],"collection":[{"href":"http:\/\/www.gs-atter.de.maschinenhalle.eu\/index.php?rest_route=\/wp\/v2\/posts"}],"about":[{"href":"http:\/\/www.gs-atter.de.maschinenhalle.eu\/index.php?rest_route=\/wp\/v2\/types\/post"}],"author":[{"embeddable":true,"href":"http:\/\/www.gs-atter.de.maschinenhalle.eu\/index.php?rest_route=\/wp\/v2\/users\/1"}],"replies":[{"embeddable":true,"href":"http:\/\/www.gs-atter.de.maschinenhalle.eu\/index.php?rest_route=%2Fwp%2Fv2%2Fcomments&post=13334"}],"version-history":[{"count":1,"href":"http:\/\/www.gs-atter.de.maschinenhalle.eu\/index.php?rest_route=\/wp\/v2\/posts\/13334\/revisions"}],"predecessor-version":[{"id":13352,"href":"http:\/\/www.gs-atter.de.maschinenhalle.eu\/index.php?rest_route=\/wp\/v2\/posts\/13334\/revisions\/13352"}],"wp:attachment":[{"href":"http:\/\/www.gs-atter.de.maschinenhalle.eu\/index.php?rest_route=%2Fwp%2Fv2%2Fmedia&parent=13334"}],"wp:term":[{"taxonomy":"category","embeddable":true,"href":"http:\/\/www.gs-atter.de.maschinenhalle.eu\/index.php?rest_route=%2Fwp%2Fv2%2Fcategories&post=13334"},{"taxonomy":"post_tag","embeddable":true,"href":"http:\/\/www.gs-atter.de.maschinenhalle.eu\/index.php?rest_route=%2Fwp%2Fv2%2Ftags&post=13334"}],"curies":[{"name":"wp","href":"https:\/\/api.w.org\/{rel}","templated":true}]}}