{"id":13774,"date":"2023-08-16T20:53:47","date_gmt":"2023-08-16T18:53:47","guid":{"rendered":"http:\/\/www.gs-atter.de.maschinenhalle.eu\/?p=13774"},"modified":"2023-08-16T21:00:34","modified_gmt":"2023-08-16T19:00:34","slug":"offene-ganztagsschule","status":"publish","type":"post","link":"http:\/\/www.gs-atter.de.maschinenhalle.eu\/?p=13774","title":{"rendered":"Offene Ganztagsschule"},"content":{"rendered":"\n<p>Liebe Eltern und Erziehungsberechtigte,<\/p>\n\n\n\n<p>ich begr\u00fc\u00dfe Sie herzlich im Schuljahr 2023\/24.<\/p>\n\n\n\n<p>Wir sind jetzt eine offene Ganztagsschule.<\/p>\n\n\n\n<p>Der Ganztag startet gleich am ersten Schultag bis 15:15 Uhr. Einige Kinder sind nur bis 12:00 bzw. 13:00 Uhr bei uns. Wenn Sie nicht mehr wissen, welche Zeiten Sie f\u00fcr Ihr Kind gew\u00e4hlt haben, so wenden Sie sich bitte an den Klassenlehrer oder die Klassenlehrerin und schreiben eine E-Mail.<\/p>\n\n\n\n<p>Jedes Kind erh\u00e4lt einen Taschenanh\u00e4nger mit den Schulschlusszeiten f\u00fcr die ganze Woche. Dieser sollte an der Tasche verbleiben. Er hilft uns einen \u00dcberblick zu bewahren.<\/p>\n\n\n\n<p>Die Mensa ist fertig geworden und bereits m\u00f6bliert. Ab Montag wird warm gegessen. Der Umzug in die neuen Klassen findet in den Herbstferien statt. &nbsp;&nbsp;&nbsp;<\/p>\n\n\n\n<p>Nat\u00fcrlich m\u00fcssen im Ganztag ein paar Regeln eingehalten werden, damit sich alle wohlf\u00fchlen und ein geregelter Ablauf gesichert ist. Diese Ganztagsregeln k\u00f6nnen Sie unter dem Men\u00fcpunkt &#8222;Ganztag&#8220; finden.<\/p>\n\n\n\n<p>Am Samstag findet die Einschulungsfeier zun\u00e4chst in der Stephanuskirche und anschlie\u00dfend in der Turnhalle statt. Wir freuen uns \u00fcber 50 Erstkl\u00e4ssler bei uns begr\u00fc\u00dfen zu d\u00fcrfen, wodurch unserer Sch\u00fclerzahl auf \u00fcber 160 Kinder anw\u00e4chst.<\/p>\n\n\n\n<p>In den ersten 4 Wochen finden Elternabende in den einzelnen Jahrg\u00e4ngen statt. Die Klassenlehrer laden hierzu ein. Wenn Sie gerne in einem schulischen Gremium wie Gesamtkonferenz, Schulvorstand oder Fachkonferenz mitarbeiten wollen, so teilen Sie dieses bitte am Elternabend dem Klassenlehrer- oder der Klassenlehrerin mit. &nbsp;<\/p>\n\n\n\n<p>Bereits jetzt weise ich auf eine Ganztagsfortbildung des Kollegiums hin. Am 01. November 2023 k\u00f6nnen die Kinder zu Hause bleiben. Dieses ist der Tag nach den Herbstferien und somit evt. relevant f\u00fcr Ihre Urlaubsplanung. Nat\u00fcrlich bieten wir eine ganzt\u00e4gige Betreuung an, die wir sp\u00e4ter abfragen.<\/p>\n\n\n\n<p>Ich w\u00fcnsche allen einen guten Start in das kommende Schuljahr.<\/p>\n\n\n\n<p>Mit freundlichen Gr\u00fc\u00dfen<\/p>\n\n\n\n<p><strong><em>Maike Breski<\/em><\/strong><em><br><\/em><em>Schulleiterin<\/em><\/p>\n\n\n\n<p><\/p>\n","protected":false},"excerpt":{"rendered":"<p>Liebe Eltern und Erziehungsberechtigte, ich begr\u00fc\u00dfe Sie herzlich im Schuljahr 2023\/24. Wir sind jetzt eine offene Ganztagsschule. Der Ganztag startet gleich am ersten Schultag bis 15:15 Uhr. Einige Kinder sind nur bis 12:00 bzw. 13:00 Uhr bei uns. Wenn Sie nicht mehr wissen, welche Zeiten Sie f\u00fcr Ihr Kind gew\u00e4hlt haben, so wenden Sie sich &#8230; <a title=\"Offene Ganztagsschule\" class=\"read-more\" href=\"http:\/\/www.gs-atter.de.maschinenhalle.eu\/?p=13774\" aria-label=\"Mehr dazu unter Offene Ganztagsschule\">Weiterlesen<\/a><\/p>\n","protected":false},"author":1,"featured_media":0,"comment_status":"closed","ping_status":"closed","sticky":false,"template":"","format":"standard","meta":[],"categories":[1],"tags":[],"_links":{"self":[{"href":"http:\/\/www.gs-atter.de.maschinenhalle.eu\/index.php?rest_route=\/wp\/v2\/posts\/13774"}],"collection":[{"href":"http:\/\/www.gs-atter.de.maschinenhalle.eu\/index.php?rest_route=\/wp\/v2\/posts"}],"about":[{"href":"http:\/\/www.gs-atter.de.maschinenhalle.eu\/index.php?rest_route=\/wp\/v2\/types\/post"}],"author":[{"embeddable":true,"href":"http:\/\/www.gs-atter.de.maschinenhalle.eu\/index.php?rest_route=\/wp\/v2\/users\/1"}],"replies":[{"embeddable":true,"href":"http:\/\/www.gs-atter.de.maschinenhalle.eu\/index.php?rest_route=%2Fwp%2Fv2%2Fcomments&post=13774"}],"version-history":[{"count":4,"href":"http:\/\/www.gs-atter.de.maschinenhalle.eu\/index.php?rest_route=\/wp\/v2\/posts\/13774\/revisions"}],"predecessor-version":[{"id":13778,"href":"http:\/\/www.gs-atter.de.maschinenhalle.eu\/index.php?rest_route=\/wp\/v2\/posts\/13774\/revisions\/13778"}],"wp:attachment":[{"href":"http:\/\/www.gs-atter.de.maschinenhalle.eu\/index.php?rest_route=%2Fwp%2Fv2%2Fmedia&parent=13774"}],"wp:term":[{"taxonomy":"category","embeddable":true,"href":"http:\/\/www.gs-atter.de.maschinenhalle.eu\/index.php?rest_route=%2Fwp%2Fv2%2Fcategories&post=13774"},{"taxonomy":"post_tag","embeddable":true,"href":"http:\/\/www.gs-atter.de.maschinenhalle.eu\/index.php?rest_route=%2Fwp%2Fv2%2Ftags&post=13774"}],"curies":[{"name":"wp","href":"https:\/\/api.w.org\/{rel}","templated":true}]}}