{"id":13855,"date":"2023-10-01T19:58:14","date_gmt":"2023-10-01T17:58:14","guid":{"rendered":"http:\/\/www.gs-atter.de.maschinenhalle.eu\/?p=13855"},"modified":"2023-10-05T18:17:49","modified_gmt":"2023-10-05T16:17:49","slug":"erntedankfest","status":"publish","type":"post","link":"http:\/\/www.gs-atter.de.maschinenhalle.eu\/?p=13855","title":{"rendered":"Erntedankfest"},"content":{"rendered":"\n<figure class=\"wp-container-2 wp-block-gallery-1 wp-block-gallery has-nested-images columns-default is-cropped\">\n<figure class=\"wp-block-image size-large\"><img loading=\"lazy\" width=\"1920\" height=\"2560\" data-id=\"13865\"  src=\"http:\/\/www.gs-atter.de.maschinenhalle.eu\/wp-content\/uploads\/2023\/10\/IMG_6318-scaled.jpeg\" alt=\"\" class=\"wp-image-13865\" srcset=\"http:\/\/www.gs-atter.de.maschinenhalle.eu\/wp-content\/uploads\/2023\/10\/IMG_6318-scaled.jpeg 1920w, http:\/\/www.gs-atter.de.maschinenhalle.eu\/wp-content\/uploads\/2023\/10\/IMG_6318-225x300.jpeg 225w, http:\/\/www.gs-atter.de.maschinenhalle.eu\/wp-content\/uploads\/2023\/10\/IMG_6318-773x1030.jpeg 773w, http:\/\/www.gs-atter.de.maschinenhalle.eu\/wp-content\/uploads\/2023\/10\/IMG_6318-768x1024.jpeg 768w, http:\/\/www.gs-atter.de.maschinenhalle.eu\/wp-content\/uploads\/2023\/10\/IMG_6318-1152x1536.jpeg 1152w, http:\/\/www.gs-atter.de.maschinenhalle.eu\/wp-content\/uploads\/2023\/10\/IMG_6318-1536x2048.jpeg 1536w\" sizes=\"(max-width: 1920px) 100vw, 1920px\" \/><\/figure>\n\n\n\n<figure class=\"wp-block-image size-large\"><img loading=\"lazy\" width=\"2560\" height=\"1920\" data-id=\"13864\"  src=\"http:\/\/www.gs-atter.de.maschinenhalle.eu\/wp-content\/uploads\/2023\/10\/IMG_6319-scaled.jpeg\" alt=\"\" class=\"wp-image-13864\" srcset=\"http:\/\/www.gs-atter.de.maschinenhalle.eu\/wp-content\/uploads\/2023\/10\/IMG_6319-scaled.jpeg 2560w, http:\/\/www.gs-atter.de.maschinenhalle.eu\/wp-content\/uploads\/2023\/10\/IMG_6319-300x225.jpeg 300w, http:\/\/www.gs-atter.de.maschinenhalle.eu\/wp-content\/uploads\/2023\/10\/IMG_6319-1030x773.jpeg 1030w, http:\/\/www.gs-atter.de.maschinenhalle.eu\/wp-content\/uploads\/2023\/10\/IMG_6319-768x576.jpeg 768w, http:\/\/www.gs-atter.de.maschinenhalle.eu\/wp-content\/uploads\/2023\/10\/IMG_6319-1536x1152.jpeg 1536w, http:\/\/www.gs-atter.de.maschinenhalle.eu\/wp-content\/uploads\/2023\/10\/IMG_6319-2048x1536.jpeg 2048w\" sizes=\"(max-width: 2560px) 100vw, 2560px\" \/><\/figure>\n\n\n\n<figure class=\"wp-block-image size-large\"><img loading=\"lazy\" width=\"2560\" height=\"1920\" data-id=\"13863\"  src=\"http:\/\/www.gs-atter.de.maschinenhalle.eu\/wp-content\/uploads\/2023\/10\/IMG_6320-1-scaled.jpeg\" alt=\"\" class=\"wp-image-13863\" srcset=\"http:\/\/www.gs-atter.de.maschinenhalle.eu\/wp-content\/uploads\/2023\/10\/IMG_6320-1-scaled.jpeg 2560w, http:\/\/www.gs-atter.de.maschinenhalle.eu\/wp-content\/uploads\/2023\/10\/IMG_6320-1-300x225.jpeg 300w, http:\/\/www.gs-atter.de.maschinenhalle.eu\/wp-content\/uploads\/2023\/10\/IMG_6320-1-1030x773.jpeg 1030w, http:\/\/www.gs-atter.de.maschinenhalle.eu\/wp-content\/uploads\/2023\/10\/IMG_6320-1-768x576.jpeg 768w, http:\/\/www.gs-atter.de.maschinenhalle.eu\/wp-content\/uploads\/2023\/10\/IMG_6320-1-1536x1152.jpeg 1536w, http:\/\/www.gs-atter.de.maschinenhalle.eu\/wp-content\/uploads\/2023\/10\/IMG_6320-1-2048x1536.jpeg 2048w\" sizes=\"(max-width: 2560px) 100vw, 2560px\" \/><\/figure>\n\n\n\n<figure class=\"wp-block-image size-large\"><img loading=\"lazy\" width=\"2560\" height=\"1920\" data-id=\"13862\"  src=\"http:\/\/www.gs-atter.de.maschinenhalle.eu\/wp-content\/uploads\/2023\/10\/IMG_6316-scaled.jpeg\" alt=\"\" class=\"wp-image-13862\" srcset=\"http:\/\/www.gs-atter.de.maschinenhalle.eu\/wp-content\/uploads\/2023\/10\/IMG_6316-scaled.jpeg 2560w, http:\/\/www.gs-atter.de.maschinenhalle.eu\/wp-content\/uploads\/2023\/10\/IMG_6316-300x225.jpeg 300w, http:\/\/www.gs-atter.de.maschinenhalle.eu\/wp-content\/uploads\/2023\/10\/IMG_6316-1030x773.jpeg 1030w, http:\/\/www.gs-atter.de.maschinenhalle.eu\/wp-content\/uploads\/2023\/10\/IMG_6316-768x576.jpeg 768w, http:\/\/www.gs-atter.de.maschinenhalle.eu\/wp-content\/uploads\/2023\/10\/IMG_6316-1536x1152.jpeg 1536w, http:\/\/www.gs-atter.de.maschinenhalle.eu\/wp-content\/uploads\/2023\/10\/IMG_6316-2048x1536.jpeg 2048w\" sizes=\"(max-width: 2560px) 100vw, 2560px\" \/><\/figure>\n\n\n\n<figure class=\"wp-block-image size-large\"><img loading=\"lazy\" width=\"2560\" height=\"1920\" data-id=\"13861\"  src=\"http:\/\/www.gs-atter.de.maschinenhalle.eu\/wp-content\/uploads\/2023\/10\/IMG_6317-scaled.jpeg\" alt=\"\" class=\"wp-image-13861\" srcset=\"http:\/\/www.gs-atter.de.maschinenhalle.eu\/wp-content\/uploads\/2023\/10\/IMG_6317-scaled.jpeg 2560w, http:\/\/www.gs-atter.de.maschinenhalle.eu\/wp-content\/uploads\/2023\/10\/IMG_6317-300x225.jpeg 300w, http:\/\/www.gs-atter.de.maschinenhalle.eu\/wp-content\/uploads\/2023\/10\/IMG_6317-1030x773.jpeg 1030w, http:\/\/www.gs-atter.de.maschinenhalle.eu\/wp-content\/uploads\/2023\/10\/IMG_6317-768x576.jpeg 768w, http:\/\/www.gs-atter.de.maschinenhalle.eu\/wp-content\/uploads\/2023\/10\/IMG_6317-1536x1152.jpeg 1536w, http:\/\/www.gs-atter.de.maschinenhalle.eu\/wp-content\/uploads\/2023\/10\/IMG_6317-2048x1536.jpeg 2048w\" sizes=\"(max-width: 2560px) 100vw, 2560px\" \/><\/figure>\n\n\n\n<figure class=\"wp-block-image size-large\"><img loading=\"lazy\" width=\"2560\" height=\"1920\" data-id=\"13860\"  src=\"http:\/\/www.gs-atter.de.maschinenhalle.eu\/wp-content\/uploads\/2023\/10\/IMG_6315-scaled.jpeg\" alt=\"\" class=\"wp-image-13860\" srcset=\"http:\/\/www.gs-atter.de.maschinenhalle.eu\/wp-content\/uploads\/2023\/10\/IMG_6315-scaled.jpeg 2560w, http:\/\/www.gs-atter.de.maschinenhalle.eu\/wp-content\/uploads\/2023\/10\/IMG_6315-300x225.jpeg 300w, http:\/\/www.gs-atter.de.maschinenhalle.eu\/wp-content\/uploads\/2023\/10\/IMG_6315-1030x773.jpeg 1030w, http:\/\/www.gs-atter.de.maschinenhalle.eu\/wp-content\/uploads\/2023\/10\/IMG_6315-768x576.jpeg 768w, http:\/\/www.gs-atter.de.maschinenhalle.eu\/wp-content\/uploads\/2023\/10\/IMG_6315-1536x1152.jpeg 1536w, http:\/\/www.gs-atter.de.maschinenhalle.eu\/wp-content\/uploads\/2023\/10\/IMG_6315-2048x1536.jpeg 2048w\" sizes=\"(max-width: 2560px) 100vw, 2560px\" \/><\/figure>\n<\/figure>\n\n\n\n<p>Die Klassen 3a und 3b haben auf dem Erntedankfest Kartoffeln aus eigenem Anbau verkauft. Einen ganzen Sommer lang haben die Kinder gemeinsam mit Frau Killmann und Herrn Wolters Kartoffeln gesetzt, angeh\u00e4ufelt, gepflegt, ged\u00fcngt und gew\u00e4ssert. Die Ernte fiel gut aus und wurde nun gewinnbringend f\u00fcr die Klassenkasse verkauft.<\/p>\n","protected":false},"excerpt":{"rendered":"<p>Die Klassen 3a und 3b haben auf dem Erntedankfest Kartoffeln aus eigenem Anbau verkauft. Einen ganzen Sommer lang haben die Kinder gemeinsam mit Frau Killmann und Herrn Wolters Kartoffeln gesetzt, angeh\u00e4ufelt, gepflegt, ged\u00fcngt und gew\u00e4ssert. Die Ernte fiel gut aus und wurde nun gewinnbringend f\u00fcr die Klassenkasse verkauft.<\/p>\n","protected":false},"author":1,"featured_media":0,"comment_status":"closed","ping_status":"closed","sticky":false,"template":"","format":"standard","meta":[],"categories":[1],"tags":[],"_links":{"self":[{"href":"http:\/\/www.gs-atter.de.maschinenhalle.eu\/index.php?rest_route=\/wp\/v2\/posts\/13855"}],"collection":[{"href":"http:\/\/www.gs-atter.de.maschinenhalle.eu\/index.php?rest_route=\/wp\/v2\/posts"}],"about":[{"href":"http:\/\/www.gs-atter.de.maschinenhalle.eu\/index.php?rest_route=\/wp\/v2\/types\/post"}],"author":[{"embeddable":true,"href":"http:\/\/www.gs-atter.de.maschinenhalle.eu\/index.php?rest_route=\/wp\/v2\/users\/1"}],"replies":[{"embeddable":true,"href":"http:\/\/www.gs-atter.de.maschinenhalle.eu\/index.php?rest_route=%2Fwp%2Fv2%2Fcomments&post=13855"}],"version-history":[{"count":2,"href":"http:\/\/www.gs-atter.de.maschinenhalle.eu\/index.php?rest_route=\/wp\/v2\/posts\/13855\/revisions"}],"predecessor-version":[{"id":13867,"href":"http:\/\/www.gs-atter.de.maschinenhalle.eu\/index.php?rest_route=\/wp\/v2\/posts\/13855\/revisions\/13867"}],"wp:attachment":[{"href":"http:\/\/www.gs-atter.de.maschinenhalle.eu\/index.php?rest_route=%2Fwp%2Fv2%2Fmedia&parent=13855"}],"wp:term":[{"taxonomy":"category","embeddable":true,"href":"http:\/\/www.gs-atter.de.maschinenhalle.eu\/index.php?rest_route=%2Fwp%2Fv2%2Fcategories&post=13855"},{"taxonomy":"post_tag","embeddable":true,"href":"http:\/\/www.gs-atter.de.maschinenhalle.eu\/index.php?rest_route=%2Fwp%2Fv2%2Ftags&post=13855"}],"curies":[{"name":"wp","href":"https:\/\/api.w.org\/{rel}","templated":true}]}}