{"id":13988,"date":"2023-12-07T22:38:46","date_gmt":"2023-12-07T20:38:46","guid":{"rendered":"http:\/\/www.gs-atter.de.maschinenhalle.eu\/?p=13988"},"modified":"2023-12-07T22:38:48","modified_gmt":"2023-12-07T20:38:48","slug":"waffeln-backen","status":"publish","type":"post","link":"http:\/\/www.gs-atter.de.maschinenhalle.eu\/?p=13988","title":{"rendered":"Waffeln backen"},"content":{"rendered":"<div class=\"wp-block-image\">\n<figure class=\"alignleft size-full\"><img loading=\"lazy\" width=\"180\" height=\"320\" src=\"http:\/\/www.gs-atter.de.maschinenhalle.eu\/wp-content\/uploads\/2023\/12\/E0D0A92F-2A3A-41A7-98FE-D0F94C1AD9D4.jpeg\" alt=\"\" class=\"wp-image-13990\" srcset=\"http:\/\/www.gs-atter.de.maschinenhalle.eu\/wp-content\/uploads\/2023\/12\/E0D0A92F-2A3A-41A7-98FE-D0F94C1AD9D4.jpeg 180w, http:\/\/www.gs-atter.de.maschinenhalle.eu\/wp-content\/uploads\/2023\/12\/E0D0A92F-2A3A-41A7-98FE-D0F94C1AD9D4-169x300.jpeg 169w\" sizes=\"(max-width: 180px) 100vw, 180px\" \/><\/figure><\/div>\n\n\n<p><\/p>\n\n\n\n<p>Am 1.12.2023 fand wieder das allj\u00e4hrliche Waffel backen in unserer Schule statt. Diesmal in der neuen Schulk\u00fcche. Der Sch\u00fclerrat hatte in drei Treffen alles bedacht und geplant. Am Tag selbst gab es eine Liste, auf der die Klassensprecher aus dem Sch\u00fclerrat eingeteilt waren. Und um 8:30 Uhr ging es endlich los! Die ersten drei HelferInnen l\u00f6ffelten unter Anleitung von Frau&nbsp;Elbrandt&nbsp;und Frau Voss den Teig, den 14 Kinder aus unterschiedlichen Klassen gespendet hatten, in die ausgeliehenen Doppel-Herz-Waffeleisen.&nbsp;<\/p>\n\n\n\n<p>Danach kamen die Klassen einzeln zum Verkaufsstand und konnten f\u00fcr 1\u20ac eine Waffel kaufen. Wir haben insgesamt 145\u20ac eingenommen, das wir nun spenden wollen. Wohin? Das wird auf dem n\u00e4chsten Treffen des Sch\u00fclerrates am 11.12. beschlossen.<\/p>\n\n\n\n<p>Danke an alle HelferInnen und SpenderInnen.<\/p>\n\n\n\n<p><\/p>\n","protected":false},"excerpt":{"rendered":"<p>Am 1.12.2023 fand wieder das allj\u00e4hrliche Waffel backen in unserer Schule statt. Diesmal in der neuen Schulk\u00fcche. Der Sch\u00fclerrat hatte in drei Treffen alles bedacht und geplant. Am Tag selbst gab es eine Liste, auf der die Klassensprecher aus dem Sch\u00fclerrat eingeteilt waren. Und um 8:30 Uhr ging es endlich los! Die ersten drei HelferInnen &#8230; <a title=\"Waffeln backen\" class=\"read-more\" href=\"http:\/\/www.gs-atter.de.maschinenhalle.eu\/?p=13988\" aria-label=\"Mehr dazu unter Waffeln backen\">Weiterlesen<\/a><\/p>\n","protected":false},"author":1,"featured_media":0,"comment_status":"closed","ping_status":"closed","sticky":false,"template":"","format":"standard","meta":[],"categories":[1],"tags":[],"_links":{"self":[{"href":"http:\/\/www.gs-atter.de.maschinenhalle.eu\/index.php?rest_route=\/wp\/v2\/posts\/13988"}],"collection":[{"href":"http:\/\/www.gs-atter.de.maschinenhalle.eu\/index.php?rest_route=\/wp\/v2\/posts"}],"about":[{"href":"http:\/\/www.gs-atter.de.maschinenhalle.eu\/index.php?rest_route=\/wp\/v2\/types\/post"}],"author":[{"embeddable":true,"href":"http:\/\/www.gs-atter.de.maschinenhalle.eu\/index.php?rest_route=\/wp\/v2\/users\/1"}],"replies":[{"embeddable":true,"href":"http:\/\/www.gs-atter.de.maschinenhalle.eu\/index.php?rest_route=%2Fwp%2Fv2%2Fcomments&post=13988"}],"version-history":[{"count":2,"href":"http:\/\/www.gs-atter.de.maschinenhalle.eu\/index.php?rest_route=\/wp\/v2\/posts\/13988\/revisions"}],"predecessor-version":[{"id":13994,"href":"http:\/\/www.gs-atter.de.maschinenhalle.eu\/index.php?rest_route=\/wp\/v2\/posts\/13988\/revisions\/13994"}],"wp:attachment":[{"href":"http:\/\/www.gs-atter.de.maschinenhalle.eu\/index.php?rest_route=%2Fwp%2Fv2%2Fmedia&parent=13988"}],"wp:term":[{"taxonomy":"category","embeddable":true,"href":"http:\/\/www.gs-atter.de.maschinenhalle.eu\/index.php?rest_route=%2Fwp%2Fv2%2Fcategories&post=13988"},{"taxonomy":"post_tag","embeddable":true,"href":"http:\/\/www.gs-atter.de.maschinenhalle.eu\/index.php?rest_route=%2Fwp%2Fv2%2Ftags&post=13988"}],"curies":[{"name":"wp","href":"https:\/\/api.w.org\/{rel}","templated":true}]}}