{"id":14232,"date":"2024-03-25T22:40:42","date_gmt":"2024-03-25T20:40:42","guid":{"rendered":"http:\/\/www.gs-atter.de.maschinenhalle.eu\/?p=14232"},"modified":"2024-03-25T22:47:10","modified_gmt":"2024-03-25T20:47:10","slug":"spannender-vorlesewettbewerb","status":"publish","type":"post","link":"http:\/\/www.gs-atter.de.maschinenhalle.eu\/?p=14232","title":{"rendered":"Gewinner des Vorlesewettbewerbs"},"content":{"rendered":"\n<figure class=\"wp-block-image size-large\"><img loading=\"lazy\" width=\"773\" height=\"1030\" src=\"http:\/\/www.gs-atter.de.maschinenhalle.eu\/wp-content\/uploads\/2024\/03\/77085AE3-8C2C-441C-A29B-B746A59895EB-773x1030.jpeg\" alt=\"\" class=\"wp-image-14234\" srcset=\"http:\/\/www.gs-atter.de.maschinenhalle.eu\/wp-content\/uploads\/2024\/03\/77085AE3-8C2C-441C-A29B-B746A59895EB-773x1030.jpeg 773w, http:\/\/www.gs-atter.de.maschinenhalle.eu\/wp-content\/uploads\/2024\/03\/77085AE3-8C2C-441C-A29B-B746A59895EB-225x300.jpeg 225w, http:\/\/www.gs-atter.de.maschinenhalle.eu\/wp-content\/uploads\/2024\/03\/77085AE3-8C2C-441C-A29B-B746A59895EB-768x1024.jpeg 768w, http:\/\/www.gs-atter.de.maschinenhalle.eu\/wp-content\/uploads\/2024\/03\/77085AE3-8C2C-441C-A29B-B746A59895EB-1152x1536.jpeg 1152w, http:\/\/www.gs-atter.de.maschinenhalle.eu\/wp-content\/uploads\/2024\/03\/77085AE3-8C2C-441C-A29B-B746A59895EB-1536x2048.jpeg 1536w, http:\/\/www.gs-atter.de.maschinenhalle.eu\/wp-content\/uploads\/2024\/03\/77085AE3-8C2C-441C-A29B-B746A59895EB-scaled.jpeg 1920w\" sizes=\"(max-width: 773px) 100vw, 773px\" \/><\/figure>\n\n\n\n<p>In Grundschulen auf der ganzen Welt wird die Freude am Lesen gef\u00f6rdert. Unser Beitrag hierzu war der diesj\u00e4hrige Vorlesewettbewerb, bei dem Sch\u00fclerinnen und Sch\u00fcler die M\u00f6glichkeit haben, ihre Lesefertigkeiten unter Beweis zu stellen.<br><\/p>\n\n\n\n<p>Nach einer \u00dcbungszeit ermittelte jede Klasse 2 Sieger, die in das Finale geschickt wurden. Diese Kinder pr\u00e4sentierten am Freitag vor den Osterferien nun ihre Lieblingsgeschichten. <\/p>\n\n\n\n<p>W\u00e4hrend des Wettbewerbs selbst zeigen die Kinder ihr K\u00f6nnen vor einer Jury oder einem Publikum aus Lehrkr\u00e4ften und Mitsch\u00fclern. Die Atmosph\u00e4re ist mit Spannung und Begeisterung gef\u00fcllt, w\u00e4hrend die jungen Vorleserinnen und Vorleser ihre Stimmen erheben und die Zuh\u00f6rer in ihre Geschichten eintauchen lassen.<br><br>Der Vorlesewettbewerb tr\u00e4gt nicht nur zur Entwicklung der individuellen Lese- und Pr\u00e4sentationsf\u00e4higkeiten bei, sondern st\u00e4rkt auch das Selbstbewusstsein und das Selbstvertrauen der Teilnehmer. Das Feedback und die Anerkennung, die sie erhalten, motivieren sie dazu, weiterhin ihre F\u00e4higkeiten zu verbessern und ihre Leidenschaft f\u00fcr das Lesen zu vertiefen.<br><br><br><\/p>\n","protected":false},"excerpt":{"rendered":"<p>In Grundschulen auf der ganzen Welt wird die Freude am Lesen gef\u00f6rdert. Unser Beitrag hierzu war der diesj\u00e4hrige Vorlesewettbewerb, bei dem Sch\u00fclerinnen und Sch\u00fcler die M\u00f6glichkeit haben, ihre Lesefertigkeiten unter Beweis zu stellen. Nach einer \u00dcbungszeit ermittelte jede Klasse 2 Sieger, die in das Finale geschickt wurden. Diese Kinder pr\u00e4sentierten am Freitag vor den Osterferien &#8230; <a title=\"Gewinner des Vorlesewettbewerbs\" class=\"read-more\" href=\"http:\/\/www.gs-atter.de.maschinenhalle.eu\/?p=14232\" aria-label=\"Mehr dazu unter Gewinner des Vorlesewettbewerbs\">Weiterlesen<\/a><\/p>\n","protected":false},"author":1,"featured_media":0,"comment_status":"closed","ping_status":"closed","sticky":false,"template":"","format":"standard","meta":[],"categories":[1],"tags":[],"_links":{"self":[{"href":"http:\/\/www.gs-atter.de.maschinenhalle.eu\/index.php?rest_route=\/wp\/v2\/posts\/14232"}],"collection":[{"href":"http:\/\/www.gs-atter.de.maschinenhalle.eu\/index.php?rest_route=\/wp\/v2\/posts"}],"about":[{"href":"http:\/\/www.gs-atter.de.maschinenhalle.eu\/index.php?rest_route=\/wp\/v2\/types\/post"}],"author":[{"embeddable":true,"href":"http:\/\/www.gs-atter.de.maschinenhalle.eu\/index.php?rest_route=\/wp\/v2\/users\/1"}],"replies":[{"embeddable":true,"href":"http:\/\/www.gs-atter.de.maschinenhalle.eu\/index.php?rest_route=%2Fwp%2Fv2%2Fcomments&post=14232"}],"version-history":[{"count":3,"href":"http:\/\/www.gs-atter.de.maschinenhalle.eu\/index.php?rest_route=\/wp\/v2\/posts\/14232\/revisions"}],"predecessor-version":[{"id":14237,"href":"http:\/\/www.gs-atter.de.maschinenhalle.eu\/index.php?rest_route=\/wp\/v2\/posts\/14232\/revisions\/14237"}],"wp:attachment":[{"href":"http:\/\/www.gs-atter.de.maschinenhalle.eu\/index.php?rest_route=%2Fwp%2Fv2%2Fmedia&parent=14232"}],"wp:term":[{"taxonomy":"category","embeddable":true,"href":"http:\/\/www.gs-atter.de.maschinenhalle.eu\/index.php?rest_route=%2Fwp%2Fv2%2Fcategories&post=14232"},{"taxonomy":"post_tag","embeddable":true,"href":"http:\/\/www.gs-atter.de.maschinenhalle.eu\/index.php?rest_route=%2Fwp%2Fv2%2Ftags&post=14232"}],"curies":[{"name":"wp","href":"https:\/\/api.w.org\/{rel}","templated":true}]}}