{"id":14425,"date":"2024-08-14T16:08:57","date_gmt":"2024-08-14T14:08:57","guid":{"rendered":"http:\/\/www.gs-atter.de.maschinenhalle.eu\/?p=14425"},"modified":"2024-08-18T22:14:42","modified_gmt":"2024-08-18T20:14:42","slug":"handarbeits-ag","status":"publish","type":"post","link":"http:\/\/www.gs-atter.de.maschinenhalle.eu\/?p=14425","title":{"rendered":"Handarbeits AG"},"content":{"rendered":"\n<p>Heute startete die Handarbeits-AG der 3. und 4. Klassen. 12 motivierte Sch\u00fcler:innen haben mit Fingerstricken begonnen und die 1. Exemplare wandern schon als Schal f\u00fcr&#8217;s Kuscheltier nach Hause.<br>Vielen Dank an die @woll_perle f\u00fcr die gro\u00dfz\u00fcgige Wollspende!<\/p>\n\n\n\n<figure class=\"wp-block-image size-large\"><img loading=\"lazy\" width=\"956\" height=\"1030\" src=\"http:\/\/www.gs-atter.de.maschinenhalle.eu\/wp-content\/uploads\/2024\/08\/IMG_5541-956x1030.jpeg\" alt=\"\" class=\"wp-image-14426\" srcset=\"http:\/\/www.gs-atter.de.maschinenhalle.eu\/wp-content\/uploads\/2024\/08\/IMG_5541-956x1030.jpeg 956w, http:\/\/www.gs-atter.de.maschinenhalle.eu\/wp-content\/uploads\/2024\/08\/IMG_5541-279x300.jpeg 279w, http:\/\/www.gs-atter.de.maschinenhalle.eu\/wp-content\/uploads\/2024\/08\/IMG_5541-768x827.jpeg 768w, http:\/\/www.gs-atter.de.maschinenhalle.eu\/wp-content\/uploads\/2024\/08\/IMG_5541.jpeg 1404w\" sizes=\"(max-width: 956px) 100vw, 956px\" \/><\/figure>\n\n\n\n<p><\/p>\n\n\n\n<figure class=\"wp-block-image size-large\"><img loading=\"lazy\" width=\"1030\" height=\"1030\" src=\"http:\/\/www.gs-atter.de.maschinenhalle.eu\/wp-content\/uploads\/2024\/08\/033b90a1-aae3-4d08-ac44-3e1f0f02c01f-1030x1030.jpeg\" alt=\"\" class=\"wp-image-14427\" srcset=\"http:\/\/www.gs-atter.de.maschinenhalle.eu\/wp-content\/uploads\/2024\/08\/033b90a1-aae3-4d08-ac44-3e1f0f02c01f-1030x1030.jpeg 1030w, http:\/\/www.gs-atter.de.maschinenhalle.eu\/wp-content\/uploads\/2024\/08\/033b90a1-aae3-4d08-ac44-3e1f0f02c01f-300x300.jpeg 300w, http:\/\/www.gs-atter.de.maschinenhalle.eu\/wp-content\/uploads\/2024\/08\/033b90a1-aae3-4d08-ac44-3e1f0f02c01f-80x80.jpeg 80w, http:\/\/www.gs-atter.de.maschinenhalle.eu\/wp-content\/uploads\/2024\/08\/033b90a1-aae3-4d08-ac44-3e1f0f02c01f-768x768.jpeg 768w, http:\/\/www.gs-atter.de.maschinenhalle.eu\/wp-content\/uploads\/2024\/08\/033b90a1-aae3-4d08-ac44-3e1f0f02c01f.jpeg 1512w\" sizes=\"(max-width: 1030px) 100vw, 1030px\" \/><\/figure>\n","protected":false},"excerpt":{"rendered":"<p>Heute startete die Handarbeits-AG der 3. und 4. Klassen. 12 motivierte Sch\u00fcler:innen haben mit Fingerstricken begonnen und die 1. Exemplare wandern schon als Schal f\u00fcr&#8217;s Kuscheltier nach Hause.Vielen Dank an die @woll_perle f\u00fcr die gro\u00dfz\u00fcgige Wollspende!<\/p>\n","protected":false},"author":1,"featured_media":0,"comment_status":"closed","ping_status":"closed","sticky":false,"template":"","format":"standard","meta":[],"categories":[1],"tags":[],"_links":{"self":[{"href":"http:\/\/www.gs-atter.de.maschinenhalle.eu\/index.php?rest_route=\/wp\/v2\/posts\/14425"}],"collection":[{"href":"http:\/\/www.gs-atter.de.maschinenhalle.eu\/index.php?rest_route=\/wp\/v2\/posts"}],"about":[{"href":"http:\/\/www.gs-atter.de.maschinenhalle.eu\/index.php?rest_route=\/wp\/v2\/types\/post"}],"author":[{"embeddable":true,"href":"http:\/\/www.gs-atter.de.maschinenhalle.eu\/index.php?rest_route=\/wp\/v2\/users\/1"}],"replies":[{"embeddable":true,"href":"http:\/\/www.gs-atter.de.maschinenhalle.eu\/index.php?rest_route=%2Fwp%2Fv2%2Fcomments&post=14425"}],"version-history":[{"count":3,"href":"http:\/\/www.gs-atter.de.maschinenhalle.eu\/index.php?rest_route=\/wp\/v2\/posts\/14425\/revisions"}],"predecessor-version":[{"id":14458,"href":"http:\/\/www.gs-atter.de.maschinenhalle.eu\/index.php?rest_route=\/wp\/v2\/posts\/14425\/revisions\/14458"}],"wp:attachment":[{"href":"http:\/\/www.gs-atter.de.maschinenhalle.eu\/index.php?rest_route=%2Fwp%2Fv2%2Fmedia&parent=14425"}],"wp:term":[{"taxonomy":"category","embeddable":true,"href":"http:\/\/www.gs-atter.de.maschinenhalle.eu\/index.php?rest_route=%2Fwp%2Fv2%2Fcategories&post=14425"},{"taxonomy":"post_tag","embeddable":true,"href":"http:\/\/www.gs-atter.de.maschinenhalle.eu\/index.php?rest_route=%2Fwp%2Fv2%2Ftags&post=14425"}],"curies":[{"name":"wp","href":"https:\/\/api.w.org\/{rel}","templated":true}]}}