{"id":14517,"date":"2024-09-10T19:01:28","date_gmt":"2024-09-10T17:01:28","guid":{"rendered":"http:\/\/www.gs-atter.de.maschinenhalle.eu\/?p=14517"},"modified":"2024-09-11T13:42:16","modified_gmt":"2024-09-11T11:42:16","slug":"starke-freunde","status":"publish","type":"post","link":"http:\/\/www.gs-atter.de.maschinenhalle.eu\/?p=14517","title":{"rendered":"Starke Freunde!"},"content":{"rendered":"\n<figure class=\"wp-block-image size-large\"><img loading=\"lazy\" width=\"1030\" height=\"1030\" src=\"http:\/\/www.gs-atter.de.maschinenhalle.eu\/wp-content\/uploads\/2024\/09\/Puppenbuehne_2024-1030x1030.jpg\" alt=\"\" class=\"wp-image-14528\" srcset=\"http:\/\/www.gs-atter.de.maschinenhalle.eu\/wp-content\/uploads\/2024\/09\/Puppenbuehne_2024-1030x1030.jpg 1030w, http:\/\/www.gs-atter.de.maschinenhalle.eu\/wp-content\/uploads\/2024\/09\/Puppenbuehne_2024-300x300.jpg 300w, http:\/\/www.gs-atter.de.maschinenhalle.eu\/wp-content\/uploads\/2024\/09\/Puppenbuehne_2024-80x80.jpg 80w, http:\/\/www.gs-atter.de.maschinenhalle.eu\/wp-content\/uploads\/2024\/09\/Puppenbuehne_2024-768x768.jpg 768w, http:\/\/www.gs-atter.de.maschinenhalle.eu\/wp-content\/uploads\/2024\/09\/Puppenbuehne_2024-1536x1536.jpg 1536w, http:\/\/www.gs-atter.de.maschinenhalle.eu\/wp-content\/uploads\/2024\/09\/Puppenbuehne_2024-2048x2048.jpg 2048w\" sizes=\"(max-width: 1030px) 100vw, 1030px\" \/><\/figure>\n\n\n\n<p><strong>Ausflug zur Puppenb\u00fchne der Polizei in Osnabr\u00fcck<\/strong><\/p>\n\n\n\n<p>STARKE FREUNDE !!!- So hie\u00df das Theaterst\u00fcck der Puppenb\u00fchne der Polizei, das die Klassen 2a und 2c am Mittwoch, 04.09. besuchten. Leider musste die 2b aus Krankheitsgr\u00fcnden in der Schule bleiben.<\/p>\n\n\n\n<p>Nach dem Fr\u00fchst\u00fcck machten sich die beiden Klassen mit Linienbussen auf in die Stadt. Schon das war aufregend.<\/p>\n\n\n\n<p>Noch aufregender wurde es bei der Polizei. Nach einer freundlichen Begr\u00fc\u00dfung begann das St\u00fcck \u201eStarke Freunde\u201c, das die Kinder in seinen Bann zog. Sehr begeistert und mitfiebernd verfolgten die Sch\u00fcler die Geschichte von Max, der von Oswald erpresst wurde. Zum Gl\u00fcck brachte er den Mut auf, einem Polizisten und seiner Freundin alles zu erz\u00e4hlen, so dass es ein Happy End gab.<\/p>\n\n\n\n<p>Anschlie\u00dfend fuhren alle zufrieden zur\u00fcck zur Schule!<\/p>\n","protected":false},"excerpt":{"rendered":"<p>Ausflug zur Puppenb\u00fchne der Polizei in Osnabr\u00fcck STARKE FREUNDE !!!- So hie\u00df das Theaterst\u00fcck der Puppenb\u00fchne der Polizei, das die Klassen 2a und 2c am Mittwoch, 04.09. besuchten. Leider musste die 2b aus Krankheitsgr\u00fcnden in der Schule bleiben. Nach dem Fr\u00fchst\u00fcck machten sich die beiden Klassen mit Linienbussen auf in die Stadt. Schon das war &#8230; <a title=\"Starke Freunde!\" class=\"read-more\" href=\"http:\/\/www.gs-atter.de.maschinenhalle.eu\/?p=14517\" aria-label=\"Mehr dazu unter Starke Freunde!\">Weiterlesen<\/a><\/p>\n","protected":false},"author":1,"featured_media":0,"comment_status":"closed","ping_status":"closed","sticky":false,"template":"","format":"standard","meta":[],"categories":[1],"tags":[],"_links":{"self":[{"href":"http:\/\/www.gs-atter.de.maschinenhalle.eu\/index.php?rest_route=\/wp\/v2\/posts\/14517"}],"collection":[{"href":"http:\/\/www.gs-atter.de.maschinenhalle.eu\/index.php?rest_route=\/wp\/v2\/posts"}],"about":[{"href":"http:\/\/www.gs-atter.de.maschinenhalle.eu\/index.php?rest_route=\/wp\/v2\/types\/post"}],"author":[{"embeddable":true,"href":"http:\/\/www.gs-atter.de.maschinenhalle.eu\/index.php?rest_route=\/wp\/v2\/users\/1"}],"replies":[{"embeddable":true,"href":"http:\/\/www.gs-atter.de.maschinenhalle.eu\/index.php?rest_route=%2Fwp%2Fv2%2Fcomments&post=14517"}],"version-history":[{"count":2,"href":"http:\/\/www.gs-atter.de.maschinenhalle.eu\/index.php?rest_route=\/wp\/v2\/posts\/14517\/revisions"}],"predecessor-version":[{"id":14529,"href":"http:\/\/www.gs-atter.de.maschinenhalle.eu\/index.php?rest_route=\/wp\/v2\/posts\/14517\/revisions\/14529"}],"wp:attachment":[{"href":"http:\/\/www.gs-atter.de.maschinenhalle.eu\/index.php?rest_route=%2Fwp%2Fv2%2Fmedia&parent=14517"}],"wp:term":[{"taxonomy":"category","embeddable":true,"href":"http:\/\/www.gs-atter.de.maschinenhalle.eu\/index.php?rest_route=%2Fwp%2Fv2%2Fcategories&post=14517"},{"taxonomy":"post_tag","embeddable":true,"href":"http:\/\/www.gs-atter.de.maschinenhalle.eu\/index.php?rest_route=%2Fwp%2Fv2%2Ftags&post=14517"}],"curies":[{"name":"wp","href":"https:\/\/api.w.org\/{rel}","templated":true}]}}