{"id":14993,"date":"2025-11-30T20:50:52","date_gmt":"2025-11-30T18:50:52","guid":{"rendered":"http:\/\/www.gs-atter.de.maschinenhalle.eu\/?p=14993"},"modified":"2025-12-02T20:20:56","modified_gmt":"2025-12-02T18:20:56","slug":"schuelerrat-backt-fuer-schuelerinnen","status":"publish","type":"post","link":"http:\/\/www.gs-atter.de.maschinenhalle.eu\/?p=14993","title":{"rendered":"Sch\u00fclerrat backt f\u00fcr Sch\u00fclerInnen"},"content":{"rendered":"\n<p>Am Donnerstag Morgen roch es \u00fcberall in der Schule nach Waffeln und es herrschte eine wunderbare Stimmung in den Klassen, dort wurde gewerkelt, weihnachtliche Musik geh\u00f6rt und Geschichten gelesen. Ein besonderer Tag!<\/p>\n\n\n\n<p>DANKE f\u00fcr die Unterst\u00fctzung zu unserer Waffelbackaktion. Wir haben&nbsp;249,10 \u20ac&nbsp; eingenommen und beschlossen, dass wir das Geld Menschen spenden, denen es nicht so gut geht wie uns. Wir m\u00f6chten Menschen unterst\u00fctzen, die kein Dach \u00fcber dem Kopf haben und geben es an die W\u00e4rmestube in Osnabr\u00fcck.<\/p>\n\n\n\n<p>Zur Adventszeit findet nicht nur jedes Jahr ein Basteltag in unserer Schule statt, sondern wir backen auch Waffeln und verkaufen diese an alle Sch\u00fclerInnen unserer Schule. Dazu haben wir auf drei Sitzungen des Sch\u00fclerrates geplant, Plakate entworfen, Teigspenden organisiert, den Backtag geplant, um alles daf\u00fcr passend in der Schule zu haben. Am Tag selbst durften wir die Waffeln backen und an unserem Stand verkaufen. Die adventliche Musik und die freie Arbeit zur Weihnachtszeit mit dem\/der KlassenlehrerIn hat dazu f\u00fcr eine besondere Stimmung gesorgt.<\/p>\n\n\n\n<p>Der Sch\u00fclerrat der GS Atter<\/p>\n\n\n\n<figure class=\"wp-container-2 wp-block-gallery-1 wp-block-gallery has-nested-images columns-default is-cropped\">\n<figure class=\"wp-block-image size-large\"><img loading=\"lazy\" width=\"579\" height=\"1030\" data-id=\"15000\"  src=\"http:\/\/www.gs-atter.de.maschinenhalle.eu\/wp-content\/uploads\/2025\/11\/IMG_4376-579x1030.jpg\" alt=\"\" class=\"wp-image-15000\" srcset=\"http:\/\/www.gs-atter.de.maschinenhalle.eu\/wp-content\/uploads\/2025\/11\/IMG_4376-579x1030.jpg 579w, http:\/\/www.gs-atter.de.maschinenhalle.eu\/wp-content\/uploads\/2025\/11\/IMG_4376-169x300.jpg 169w, http:\/\/www.gs-atter.de.maschinenhalle.eu\/wp-content\/uploads\/2025\/11\/IMG_4376-768x1365.jpg 768w, http:\/\/www.gs-atter.de.maschinenhalle.eu\/wp-content\/uploads\/2025\/11\/IMG_4376-864x1536.jpg 864w, http:\/\/www.gs-atter.de.maschinenhalle.eu\/wp-content\/uploads\/2025\/11\/IMG_4376.jpg 1134w\" sizes=\"(max-width: 579px) 100vw, 579px\" \/><\/figure>\n\n\n\n<figure class=\"wp-block-image size-large\"><img loading=\"lazy\" width=\"579\" height=\"1030\" data-id=\"14999\"  src=\"http:\/\/www.gs-atter.de.maschinenhalle.eu\/wp-content\/uploads\/2025\/11\/IMG_4378-579x1030.jpg\" alt=\"\" class=\"wp-image-14999\" srcset=\"http:\/\/www.gs-atter.de.maschinenhalle.eu\/wp-content\/uploads\/2025\/11\/IMG_4378-579x1030.jpg 579w, http:\/\/www.gs-atter.de.maschinenhalle.eu\/wp-content\/uploads\/2025\/11\/IMG_4378-169x300.jpg 169w, http:\/\/www.gs-atter.de.maschinenhalle.eu\/wp-content\/uploads\/2025\/11\/IMG_4378-768x1365.jpg 768w, http:\/\/www.gs-atter.de.maschinenhalle.eu\/wp-content\/uploads\/2025\/11\/IMG_4378-864x1536.jpg 864w, http:\/\/www.gs-atter.de.maschinenhalle.eu\/wp-content\/uploads\/2025\/11\/IMG_4378.jpg 1134w\" sizes=\"(max-width: 579px) 100vw, 579px\" \/><\/figure>\n\n\n\n<figure class=\"wp-block-image size-large\"><img loading=\"lazy\" width=\"1030\" height=\"579\" data-id=\"14996\"  src=\"http:\/\/www.gs-atter.de.maschinenhalle.eu\/wp-content\/uploads\/2025\/11\/IMG_4380-1030x579.jpg\" alt=\"\" class=\"wp-image-14996\" srcset=\"http:\/\/www.gs-atter.de.maschinenhalle.eu\/wp-content\/uploads\/2025\/11\/IMG_4380-1030x579.jpg 1030w, http:\/\/www.gs-atter.de.maschinenhalle.eu\/wp-content\/uploads\/2025\/11\/IMG_4380-300x169.jpg 300w, http:\/\/www.gs-atter.de.maschinenhalle.eu\/wp-content\/uploads\/2025\/11\/IMG_4380-768x432.jpg 768w, http:\/\/www.gs-atter.de.maschinenhalle.eu\/wp-content\/uploads\/2025\/11\/IMG_4380-1536x864.jpg 1536w, http:\/\/www.gs-atter.de.maschinenhalle.eu\/wp-content\/uploads\/2025\/11\/IMG_4380.jpg 2016w\" sizes=\"(max-width: 1030px) 100vw, 1030px\" \/><\/figure>\n\n\n\n<figure class=\"wp-block-image size-large\"><img loading=\"lazy\" width=\"1030\" height=\"579\" data-id=\"14995\"  src=\"http:\/\/www.gs-atter.de.maschinenhalle.eu\/wp-content\/uploads\/2025\/11\/IMG_4382-1030x579.jpg\" alt=\"\" class=\"wp-image-14995\" srcset=\"http:\/\/www.gs-atter.de.maschinenhalle.eu\/wp-content\/uploads\/2025\/11\/IMG_4382-1030x579.jpg 1030w, http:\/\/www.gs-atter.de.maschinenhalle.eu\/wp-content\/uploads\/2025\/11\/IMG_4382-300x169.jpg 300w, http:\/\/www.gs-atter.de.maschinenhalle.eu\/wp-content\/uploads\/2025\/11\/IMG_4382-768x432.jpg 768w, http:\/\/www.gs-atter.de.maschinenhalle.eu\/wp-content\/uploads\/2025\/11\/IMG_4382-1536x864.jpg 1536w, http:\/\/www.gs-atter.de.maschinenhalle.eu\/wp-content\/uploads\/2025\/11\/IMG_4382.jpg 2016w\" sizes=\"(max-width: 1030px) 100vw, 1030px\" \/><\/figure>\n\n\n\n<figure class=\"wp-block-image size-large\"><img loading=\"lazy\" width=\"579\" height=\"1030\" data-id=\"14998\"  src=\"http:\/\/www.gs-atter.de.maschinenhalle.eu\/wp-content\/uploads\/2025\/11\/IMG_4389-579x1030.jpg\" alt=\"\" class=\"wp-image-14998\" srcset=\"http:\/\/www.gs-atter.de.maschinenhalle.eu\/wp-content\/uploads\/2025\/11\/IMG_4389-579x1030.jpg 579w, http:\/\/www.gs-atter.de.maschinenhalle.eu\/wp-content\/uploads\/2025\/11\/IMG_4389-169x300.jpg 169w, http:\/\/www.gs-atter.de.maschinenhalle.eu\/wp-content\/uploads\/2025\/11\/IMG_4389-768x1365.jpg 768w, http:\/\/www.gs-atter.de.maschinenhalle.eu\/wp-content\/uploads\/2025\/11\/IMG_4389-864x1536.jpg 864w, http:\/\/www.gs-atter.de.maschinenhalle.eu\/wp-content\/uploads\/2025\/11\/IMG_4389.jpg 1134w\" sizes=\"(max-width: 579px) 100vw, 579px\" \/><\/figure>\n\n\n\n<figure class=\"wp-block-image size-large\"><img loading=\"lazy\" width=\"1030\" height=\"579\" data-id=\"15001\"  src=\"http:\/\/www.gs-atter.de.maschinenhalle.eu\/wp-content\/uploads\/2025\/11\/IMG_4394-1030x579.jpg\" alt=\"\" class=\"wp-image-15001\" srcset=\"http:\/\/www.gs-atter.de.maschinenhalle.eu\/wp-content\/uploads\/2025\/11\/IMG_4394-1030x579.jpg 1030w, http:\/\/www.gs-atter.de.maschinenhalle.eu\/wp-content\/uploads\/2025\/11\/IMG_4394-300x169.jpg 300w, http:\/\/www.gs-atter.de.maschinenhalle.eu\/wp-content\/uploads\/2025\/11\/IMG_4394-768x432.jpg 768w, http:\/\/www.gs-atter.de.maschinenhalle.eu\/wp-content\/uploads\/2025\/11\/IMG_4394-1536x864.jpg 1536w, http:\/\/www.gs-atter.de.maschinenhalle.eu\/wp-content\/uploads\/2025\/11\/IMG_4394.jpg 2016w\" sizes=\"(max-width: 1030px) 100vw, 1030px\" \/><\/figure>\n<\/figure>\n","protected":false},"excerpt":{"rendered":"<p>Am Donnerstag Morgen roch es \u00fcberall in der Schule nach Waffeln und es herrschte eine wunderbare Stimmung in den Klassen, dort wurde gewerkelt, weihnachtliche Musik geh\u00f6rt und Geschichten gelesen. Ein besonderer Tag! DANKE f\u00fcr die Unterst\u00fctzung zu unserer Waffelbackaktion. Wir haben&nbsp;249,10 \u20ac&nbsp; eingenommen und beschlossen, dass wir das Geld Menschen spenden, denen es nicht so &#8230; <a title=\"Sch\u00fclerrat backt f\u00fcr Sch\u00fclerInnen\" class=\"read-more\" href=\"http:\/\/www.gs-atter.de.maschinenhalle.eu\/?p=14993\" aria-label=\"Mehr dazu unter Sch\u00fclerrat backt f\u00fcr Sch\u00fclerInnen\">Weiterlesen<\/a><\/p>\n","protected":false},"author":1,"featured_media":0,"comment_status":"closed","ping_status":"closed","sticky":false,"template":"","format":"standard","meta":[],"categories":[1],"tags":[],"_links":{"self":[{"href":"http:\/\/www.gs-atter.de.maschinenhalle.eu\/index.php?rest_route=\/wp\/v2\/posts\/14993"}],"collection":[{"href":"http:\/\/www.gs-atter.de.maschinenhalle.eu\/index.php?rest_route=\/wp\/v2\/posts"}],"about":[{"href":"http:\/\/www.gs-atter.de.maschinenhalle.eu\/index.php?rest_route=\/wp\/v2\/types\/post"}],"author":[{"embeddable":true,"href":"http:\/\/www.gs-atter.de.maschinenhalle.eu\/index.php?rest_route=\/wp\/v2\/users\/1"}],"replies":[{"embeddable":true,"href":"http:\/\/www.gs-atter.de.maschinenhalle.eu\/index.php?rest_route=%2Fwp%2Fv2%2Fcomments&post=14993"}],"version-history":[{"count":3,"href":"http:\/\/www.gs-atter.de.maschinenhalle.eu\/index.php?rest_route=\/wp\/v2\/posts\/14993\/revisions"}],"predecessor-version":[{"id":15006,"href":"http:\/\/www.gs-atter.de.maschinenhalle.eu\/index.php?rest_route=\/wp\/v2\/posts\/14993\/revisions\/15006"}],"wp:attachment":[{"href":"http:\/\/www.gs-atter.de.maschinenhalle.eu\/index.php?rest_route=%2Fwp%2Fv2%2Fmedia&parent=14993"}],"wp:term":[{"taxonomy":"category","embeddable":true,"href":"http:\/\/www.gs-atter.de.maschinenhalle.eu\/index.php?rest_route=%2Fwp%2Fv2%2Fcategories&post=14993"},{"taxonomy":"post_tag","embeddable":true,"href":"http:\/\/www.gs-atter.de.maschinenhalle.eu\/index.php?rest_route=%2Fwp%2Fv2%2Ftags&post=14993"}],"curies":[{"name":"wp","href":"https:\/\/api.w.org\/{rel}","templated":true}]}}